{"id":16328,"date":"2024-12-02T17:00:00","date_gmt":"2024-12-02T20:00:00","guid":{"rendered":"https:\/\/sgvaimudar.com.br\/?p=16328"},"modified":"2024-12-02T11:18:14","modified_gmt":"2024-12-02T14:18:14","slug":"governo-do-estado-lanca-operacao-verao-2024-2025-em-evento-na-orla-de-copacabana","status":"publish","type":"post","link":"https:\/\/sgvaimudar.com.br\/index.php\/2024\/12\/02\/governo-do-estado-lanca-operacao-verao-2024-2025-em-evento-na-orla-de-copacabana\/","title":{"rendered":"Governo do Estado lan\u00e7a Opera\u00e7\u00e3o Ver\u00e3o 2024\/2025 em evento na orla de Copacabana"},"content":{"rendered":"\n<p><em>Equipamentos novos como drones com farol de busca, al\u00e9m de barcos infl\u00e1veis de \u00faltima gera\u00e7\u00e3o estar\u00e3o dispon\u00edveis para garantir atendimento ainda mais r\u00e1pido e eficaz<\/em><\/p>\n\n\n\n<p>O Governo do Estado, por meio da Secretaria de Defesa Civil e do Corpo de Bombeiros Militar do Rio de Janeiro, lan\u00e7ou a Opera\u00e7\u00e3o Ver\u00e3o 2024\/2025, neste domingo (01\/12), na orla de Copacabana. Em um evento aberto ao p\u00fablico, os militares e agentes mostraram toda a capacidade t\u00e9cnica e operacional dos \u00f3rg\u00e3os para atuar em salvamentos mar\u00edtimos e na resposta a desastres causados pelas chuvas caracter\u00edsticas desta \u00e9poca do ano.<\/p>\n\n\n\n<figure class=\"wp-block-image size-large\"><img fetchpriority=\"high\" decoding=\"async\" width=\"1024\" height=\"706\" src=\"https:\/\/sgvaimudar.com.br\/wp-content\/uploads\/2024\/12\/26b0bcd0-3273-4215-b02e-a68aa291fbe6-1024x706.jpg\" alt=\"\" class=\"wp-image-16329\" srcset=\"https:\/\/sgvaimudar.com.br\/wp-content\/uploads\/2024\/12\/26b0bcd0-3273-4215-b02e-a68aa291fbe6-1024x706.jpg 1024w, https:\/\/sgvaimudar.com.br\/wp-content\/uploads\/2024\/12\/26b0bcd0-3273-4215-b02e-a68aa291fbe6-300x207.jpg 300w, https:\/\/sgvaimudar.com.br\/wp-content\/uploads\/2024\/12\/26b0bcd0-3273-4215-b02e-a68aa291fbe6-768x529.jpg 768w, https:\/\/sgvaimudar.com.br\/wp-content\/uploads\/2024\/12\/26b0bcd0-3273-4215-b02e-a68aa291fbe6-1536x1059.jpg 1536w, https:\/\/sgvaimudar.com.br\/wp-content\/uploads\/2024\/12\/26b0bcd0-3273-4215-b02e-a68aa291fbe6.jpg 1600w\" sizes=\"(max-width: 1024px) 100vw, 1024px\" \/><\/figure>\n\n\n\n<p>-O que vemos hoje \u00e9 fruto de muito trabalho e dedica\u00e7\u00e3o dos nossos militares e agentes. Trabalhamos de forma integrada, sempre em busca de novas tecnologias e recursos para aprimorar nossa atua\u00e7\u00e3o. J\u00e1 investimos cerca de R$1 bilh\u00e3o na corpora\u00e7\u00e3o, viabilizando diversas ferramentas para a preven\u00e7\u00e3o, gest\u00e3o de riscos e respostas a desastres. Nossa luta ser\u00e1 sempre para salvar vidas \u2013 declarou o governador Cl\u00e1udio Castro.<\/p>\n\n\n\n<p>Durante o evento, a popula\u00e7\u00e3o conferiu de perto as embarca\u00e7\u00f5es rec\u00e9m-adquiridas pelo Governo do Estado para refor\u00e7ar os socorros mar\u00edtimos, as novas tecnologias que ser\u00e3o empregadas na busca por v\u00edtimas, al\u00e9m de equipamentos especializados para resgates em emerg\u00eancias t\u00edpicas da esta\u00e7\u00e3o, como deslizamentos de terra, desabamentos, alagamentos e inunda\u00e7\u00f5es. O p\u00fablico tamb\u00e9m interagiu com os c\u00e3es farejadores da corpora\u00e7\u00e3o, participou de oficinas de primeiros-socorros, recebeu instru\u00e7\u00f5es de sa\u00fade e orienta\u00e7\u00f5es de preven\u00e7\u00e3o a trag\u00e9dias, com demonstra\u00e7\u00e3o do toque das sirenes de alerta de risco.<\/p>\n\n\n\n<p>O ponto alto da a\u00e7\u00e3o foi a formatura da nova turma de guarda-vidas da corpora\u00e7\u00e3o e a demonstra\u00e7\u00e3o profissional de salvamento no mar, que contou com barcos infl\u00e1veis, lanchas, motos-aqu\u00e1ticas e duas aeronaves.<\/p>\n\n\n\n<p>-A Defesa Civil Estadual e o Corpo de Bombeiros do RJ est\u00e3o prontos para o Ver\u00e3o. Hoje, foi um dia muito especial para n\u00f3s. Estamos extremamente felizes de poder mostrar para a sociedade o resultado de um ano inteiro de trabalho duro, com o objetivo de garantir a seguran\u00e7a de todos, seja em dias de sol ou em dias de chuva- afirmou o coronel Tarciso Salles, secret\u00e1rio de Estado de Defesa Civil e comandante-geral do CBMERJ, que idealizou e acompanhou de perto todo o evento.<\/p>\n\n\n\n<p>As crian\u00e7as contaram com espa\u00e7os especiais, com brincadeiras educativas e interativas, incluindo muro de escalada, pista de obst\u00e1culos com cordas e uma oficina de equipagem. O chefe de cozinha Jos\u00e9 Alberto, de 43 anos, levou o filho Tom, de 7 anos, para a orla neste domingo para ver de pertinho os seus her\u00f3is.<\/p>\n\n\n\n<p>-O Tom ama o Corpo de Bombeiros! Ama luz, sirene! Ele tem 4 ou 5 caminh\u00f5es de bombeiro. Estar aqui hoje \u00e9 a realiza\u00e7\u00e3o de um sonho. Que a\u00e7\u00e3o incr\u00edvel! Foi uma surpresa maravilhosa! &#8211; afirmou.<\/p>\n\n\n\n<p>A administradora Maria Cristina Mendon\u00e7a Gomes ficou impressionada com a estrutura apresentada pela corpora\u00e7\u00e3o.<\/p>\n\n\n\n<p>-Estou encantada com essa a\u00e7\u00e3o de abertura da Opera\u00e7\u00e3o Ver\u00e3o do Corpo de Bombeiros do Rio de Janeiro. Achei interativo, inovador. Todos est\u00e3o de parab\u00e9ns &#8211; disse.<\/p>\n\n\n\n<p>Novidades para o Ver\u00e3o<\/p>\n\n\n\n<p>Para este Ver\u00e3o, a corpora\u00e7\u00e3o vai contar com dois drones novos, com megafone, farol de busca com precis\u00e3o de 900 metros e capacidade de voo em condi\u00e7\u00f5es adversas, com chuva. As praias tamb\u00e9m est\u00e3o mais seguras com o refor\u00e7o de 43 novos barcos infl\u00e1veis de \u00faltima gera\u00e7\u00e3o, importados da Europa, que s\u00e3o mais est\u00e1veis, leves, \u00e1geis, resistentes e extremamente eficientes, mesmo em dias de mares mais agitados.<\/p>\n\n\n\n<p>A corpora\u00e7\u00e3o tamb\u00e9m vai apostar na implanta\u00e7\u00e3o, durante toda a esta\u00e7\u00e3o, do servi\u00e7o de m\u00e9dicos nas motos-aqu\u00e1ticas, para garantir um atendimento ainda mais r\u00e1pido a banhistas que necessitem de socorro especializado.<\/p>\n\n\n\n<p>-A nossa miss\u00e3o \u00e9 salvar. A qualquer hora, em qualquer tempo, em qualquer mar. Desde novembro, estamos refor\u00e7ando progressivamente o efetivo nas praias, j\u00e1 em contagem regressiva para o Ver\u00e3o. S\u00f3 no ano passado, realizamos mais de 12.600 salvamentos nesta \u00e9poca do ano, sendo cerca de 8 mil socorros s\u00f3 na capital. Investimos forte em preven\u00e7\u00e3o para assegurar um banho seguro a todos! &#8211; destacou o coronel Tarciso Salles.<\/p>\n\n\n\n<p><strong><em><sup>S\u00e3o Gon\u00e7alo Vai Mudar. O Maior Portal da Cidade.<\/sup><\/em><\/strong><\/p>\n\n\n\n<figure class=\"wp-block-image size-large\"><img decoding=\"async\" width=\"1024\" height=\"321\" src=\"https:\/\/sgvaimudar.com.br\/wp-content\/uploads\/2023\/08\/Logo-Provisoria-2-1024x321.png\" alt=\"\" class=\"wp-image-2777\" srcset=\"https:\/\/sgvaimudar.com.br\/wp-content\/uploads\/2023\/08\/Logo-Provisoria-2-1024x321.png 1024w, https:\/\/sgvaimudar.com.br\/wp-content\/uploads\/2023\/08\/Logo-Provisoria-2-300x94.png 300w, https:\/\/sgvaimudar.com.br\/wp-content\/uploads\/2023\/08\/Logo-Provisoria-2-768x241.png 768w, https:\/\/sgvaimudar.com.br\/wp-content\/uploads\/2023\/08\/Logo-Provisoria-2-1536x482.png 1536w, https:\/\/sgvaimudar.com.br\/wp-content\/uploads\/2023\/08\/Logo-Provisoria-2-2048x642.png 2048w\" sizes=\"(max-width: 1024px) 100vw, 1024px\" \/><\/figure>\n","protected":false},"excerpt":{"rendered":"<p>Equipamentos novos como drones com farol de busca, al\u00e9m de barcos infl\u00e1veis de \u00faltima gera\u00e7\u00e3o estar\u00e3o dispon\u00edveis para garantir atendimento&hellip;<\/p>\n","protected":false},"author":5,"featured_media":16330,"comment_status":"open","ping_status":"open","sticky":false,"template":"","format":"standard","meta":{"fifu_image_url":"","fifu_image_alt":"","footnotes":""},"categories":[32],"tags":[],"class_list":["post-16328","post","type-post","status-publish","format-standard","has-post-thumbnail","hentry","category-casos-de-policia"],"_links":{"self":[{"href":"https:\/\/sgvaimudar.com.br\/index.php\/wp-json\/wp\/v2\/posts\/16328","targetHints":{"allow":["GET"]}}],"collection":[{"href":"https:\/\/sgvaimudar.com.br\/index.php\/wp-json\/wp\/v2\/posts"}],"about":[{"href":"https:\/\/sgvaimudar.com.br\/index.php\/wp-json\/wp\/v2\/types\/post"}],"author":[{"embeddable":true,"href":"https:\/\/sgvaimudar.com.br\/index.php\/wp-json\/wp\/v2\/users\/5"}],"replies":[{"embeddable":true,"href":"https:\/\/sgvaimudar.com.br\/index.php\/wp-json\/wp\/v2\/comments?post=16328"}],"version-history":[{"count":1,"href":"https:\/\/sgvaimudar.com.br\/index.php\/wp-json\/wp\/v2\/posts\/16328\/revisions"}],"predecessor-version":[{"id":16331,"href":"https:\/\/sgvaimudar.com.br\/index.php\/wp-json\/wp\/v2\/posts\/16328\/revisions\/16331"}],"wp:featuredmedia":[{"embeddable":true,"href":"https:\/\/sgvaimudar.com.br\/index.php\/wp-json\/wp\/v2\/media\/16330"}],"wp:attachment":[{"href":"https:\/\/sgvaimudar.com.br\/index.php\/wp-json\/wp\/v2\/media?parent=16328"}],"wp:term":[{"taxonomy":"category","embeddable":true,"href":"https:\/\/sgvaimudar.com.br\/index.php\/wp-json\/wp\/v2\/categories?post=16328"},{"taxonomy":"post_tag","embeddable":true,"href":"https:\/\/sgvaimudar.com.br\/index.php\/wp-json\/wp\/v2\/tags?post=16328"}],"curies":[{"name":"wp","href":"https:\/\/api.w.org\/{rel}","templated":true}]}}