{"id":16319,"date":"2024-12-02T12:59:00","date_gmt":"2024-12-02T15:59:00","guid":{"rendered":"https:\/\/sgvaimudar.com.br\/?p=16319"},"modified":"2024-12-02T11:03:07","modified_gmt":"2024-12-02T14:03:07","slug":"foragido-da-justica-e-preso-no-galo-branco-em-sg-com-ajuda-do-disque-denuncia","status":"publish","type":"post","link":"https:\/\/sgvaimudar.com.br\/index.php\/2024\/12\/02\/foragido-da-justica-e-preso-no-galo-branco-em-sg-com-ajuda-do-disque-denuncia\/","title":{"rendered":"Foragido da Justi\u00e7a \u00e9 preso no Galo Branco, em SG com ajuda do Disque Den\u00fancia"},"content":{"rendered":"\n<p>Os policiais militares do 7\u00ba BPM (S\u00e3o Gon\u00e7alo), em parceria com o 4\u00ba Comando de Policiamento de \u00c1rea (CPA), prenderam, no Galo Branco, em S\u00e3o Gon\u00e7alo, Daniel Cardoso Schulz, de 39 anos. O homem, considerado perigoso \u00e9  ligado \u00e0 fac\u00e7\u00e3o criminosa Comando Vermelho (CV) e tinha um mandado de pris\u00e3o em aberto por homic\u00eddio qualificado e tentativa de homic\u00eddio.<\/p>\n\n\n\n<p>De acordo com a PM, a pris\u00e3o ocorreu na \u00faltima sexta, na Rua Vereador Francisco Borges, ap\u00f3s informa\u00e7\u00f5es recebidas pelo Disque Den\u00fancia. Schulz foi condenado por participar de um ataque contra policiais militares em 2012, na Comunidade do Menino de Deus, tamb\u00e9m em S\u00e3o Gon\u00e7alo.<\/p>\n\n\n\n<p>Na ocasi\u00e3o, ele e comparsas efetuaram disparos de arma de fogo contra agentes que investigavam o tr\u00e1fico de drogas na regi\u00e3o. A tentativa de homic\u00eddio n\u00e3o foi consumada por fatores alheios \u00e0 vontade dos criminosos.<\/p>\n\n\n\n<p>Schulz sempre teve uma trajet\u00f3ria marcada por confus\u00f5es com a Justi\u00e7a por n\u00e3o obedecer as deten\u00e7\u00f5es. Em 2017, foi colocado em pris\u00e3o domiciliar, mas violou as condi\u00e7\u00f5es do regime e foi recapturado no mesmo ano.<\/p>\n\n\n\n<p>Segundo as informa\u00e7\u00f5es, em junho de 2024, ele obteve liberdade condicional, mas em novembro deste ano, a 4\u00aa Vara Criminal de S\u00e3o Gon\u00e7alo emitiu um mandado de pris\u00e3o preventiva por seus crimes anteriores.<\/p>\n\n\n\n<p>Ap\u00f3s a pris\u00e3o, ele foi encaminhado \u00e0 72\u00aa DP (Mutu\u00e1), onde o mandado foi cumprido, e, em seguida, transferido para uma unidade prisional da Secretaria de Administra\u00e7\u00e3o Penitenci\u00e1ria (Seap), permanecendo \u00e0 disposi\u00e7\u00e3o da Justi\u00e7a.<\/p>\n\n\n\n<p><em><sup>S\u00e3o Gon\u00e7alo Vai Mudar. O Maior Portal da Cidade.<\/sup><\/em><\/p>\n\n\n\n<figure class=\"wp-block-image size-full\"><img decoding=\"async\" width=\"250\" height=\"87\" src=\"https:\/\/sgvaimudar.com.br\/wp-content\/uploads\/2023\/08\/cropped-Logo.png\" alt=\"\" class=\"wp-image-2739\" \/><\/figure>\n","protected":false},"excerpt":{"rendered":"<p>Os policiais militares do 7\u00ba BPM (S\u00e3o Gon\u00e7alo), em parceria com o 4\u00ba Comando de Policiamento de \u00c1rea (CPA), prenderam,&hellip;<\/p>\n","protected":false},"author":5,"featured_media":16321,"comment_status":"open","ping_status":"open","sticky":false,"template":"","format":"standard","meta":{"fifu_image_url":"","fifu_image_alt":"","footnotes":""},"categories":[32],"tags":[],"class_list":["post-16319","post","type-post","status-publish","format-standard","has-post-thumbnail","hentry","category-casos-de-policia"],"_links":{"self":[{"href":"https:\/\/sgvaimudar.com.br\/index.php\/wp-json\/wp\/v2\/posts\/16319","targetHints":{"allow":["GET"]}}],"collection":[{"href":"https:\/\/sgvaimudar.com.br\/index.php\/wp-json\/wp\/v2\/posts"}],"about":[{"href":"https:\/\/sgvaimudar.com.br\/index.php\/wp-json\/wp\/v2\/types\/post"}],"author":[{"embeddable":true,"href":"https:\/\/sgvaimudar.com.br\/index.php\/wp-json\/wp\/v2\/users\/5"}],"replies":[{"embeddable":true,"href":"https:\/\/sgvaimudar.com.br\/index.php\/wp-json\/wp\/v2\/comments?post=16319"}],"version-history":[{"count":1,"href":"https:\/\/sgvaimudar.com.br\/index.php\/wp-json\/wp\/v2\/posts\/16319\/revisions"}],"predecessor-version":[{"id":16322,"href":"https:\/\/sgvaimudar.com.br\/index.php\/wp-json\/wp\/v2\/posts\/16319\/revisions\/16322"}],"wp:featuredmedia":[{"embeddable":true,"href":"https:\/\/sgvaimudar.com.br\/index.php\/wp-json\/wp\/v2\/media\/16321"}],"wp:attachment":[{"href":"https:\/\/sgvaimudar.com.br\/index.php\/wp-json\/wp\/v2\/media?parent=16319"}],"wp:term":[{"taxonomy":"category","embeddable":true,"href":"https:\/\/sgvaimudar.com.br\/index.php\/wp-json\/wp\/v2\/categories?post=16319"},{"taxonomy":"post_tag","embeddable":true,"href":"https:\/\/sgvaimudar.com.br\/index.php\/wp-json\/wp\/v2\/tags?post=16319"}],"curies":[{"name":"wp","href":"https:\/\/api.w.org\/{rel}","templated":true}]}}