{"id":16310,"date":"2024-12-02T11:59:00","date_gmt":"2024-12-02T14:59:00","guid":{"rendered":"https:\/\/sgvaimudar.com.br\/?p=16310"},"modified":"2024-12-02T11:04:05","modified_gmt":"2024-12-02T14:04:05","slug":"grave-acidente-no-bairro-do-rocha-deixa-dois-policiais-militares-feridos-nesta-manha-2-12","status":"publish","type":"post","link":"https:\/\/sgvaimudar.com.br\/index.php\/2024\/12\/02\/grave-acidente-no-bairro-do-rocha-deixa-dois-policiais-militares-feridos-nesta-manha-2-12\/","title":{"rendered":"Grave acidente no bairro do Rocha deixa dois policiais militares feridos nesta manh\u00e3 2\/12"},"content":{"rendered":"\n<p>Na manh\u00e3 desta segunda-feira, 2, um grave acidente envolvendo dois ve\u00edculos foi registrado no bairro do Rocha. Equipes do Corpo de Bombeiros foram acionadas e rapidamente se dirigiram ao local para prestar socorro.<\/p>\n\n\n\n<figure class=\"wp-block-video\"><video height=\"480\" style=\"aspect-ratio: 640 \/ 480;\" width=\"640\" controls src=\"https:\/\/sgvaimudar.com.br\/wp-content\/uploads\/2024\/12\/WhatsApp-Video-2024-12-02-at-08.49.30.mp4\"><\/video><\/figure>\n\n\n\n<p>No acidente, dois policiais militares ficaram feridos. Um deles sofreu escoria\u00e7\u00f5es leves, enquanto o outro aparenta ter sofrido uma fratura no bra\u00e7o. Ambos receberam atendimento inicial no local e foram encaminhados ao hospital para cuidados m\u00e9dicos.<\/p>\n\n\n\n<p>As circunst\u00e2ncias do acidente ainda est\u00e3o sendo apuradas pelas autoridades competentes. O tr\u00e2nsito na regi\u00e3o ficou parcialmente interditado, mas foi liberado ap\u00f3s a remo\u00e7\u00e3o dos ve\u00edculos.<\/p>\n\n\n\n<p>A Assessoria de Imprensa da Secretaria de Estado de Pol\u00edcia Militar informou que nesta segunda-feira (02\/12), policiais militares do 7\u00baBPM (S\u00e3o Gon\u00e7alo) foram acionados para atender ocorr\u00eancia de acidente de tr\u00e2nsito com v\u00edtima no bairro Rocha. <\/p>\n\n\n\n<p>No local, soube-se tratar de colis\u00e3o envolvendo viatura do referido batalh\u00e3o com ve\u00edculo de passeio. O Corpo de Bombeiros foi acionado e socorreu os feridos ao Hospital Estadual Alberto Torres. Vale destacar que os militares foram conduzidos l\u00facidos \u00e0 unidade de sa\u00fade mencionada. Ocorr\u00eancia em andamento.&nbsp;<\/p>\n\n\n\n<p><strong><em><sup>S\u00e3o Gon\u00e7alo Vai Mudar. O Maior Portal da Cidade.<\/sup><\/em><\/strong><\/p>\n\n\n\n<figure class=\"wp-block-image size-large\"><img fetchpriority=\"high\" decoding=\"async\" width=\"1024\" height=\"357\" src=\"https:\/\/sgvaimudar.com.br\/wp-content\/uploads\/2023\/08\/Logo-Provisoria-2-1-1024x357.png\" alt=\"\" class=\"wp-image-2779\" srcset=\"https:\/\/sgvaimudar.com.br\/wp-content\/uploads\/2023\/08\/Logo-Provisoria-2-1-1024x357.png 1024w, https:\/\/sgvaimudar.com.br\/wp-content\/uploads\/2023\/08\/Logo-Provisoria-2-1-300x105.png 300w, https:\/\/sgvaimudar.com.br\/wp-content\/uploads\/2023\/08\/Logo-Provisoria-2-1-768x268.png 768w, https:\/\/sgvaimudar.com.br\/wp-content\/uploads\/2023\/08\/Logo-Provisoria-2-1.png 1470w\" sizes=\"(max-width: 1024px) 100vw, 1024px\" \/><\/figure>\n\n\n\n<p><\/p>\n","protected":false},"excerpt":{"rendered":"<p>Na manh\u00e3 desta segunda-feira, 2, um grave acidente envolvendo dois ve\u00edculos foi registrado no bairro do Rocha. Equipes do Corpo&hellip;<\/p>\n","protected":false},"author":5,"featured_media":16311,"comment_status":"open","ping_status":"open","sticky":false,"template":"","format":"standard","meta":{"fifu_image_url":"","fifu_image_alt":"","footnotes":""},"categories":[32],"tags":[],"class_list":["post-16310","post","type-post","status-publish","format-standard","has-post-thumbnail","hentry","category-casos-de-policia"],"_links":{"self":[{"href":"https:\/\/sgvaimudar.com.br\/index.php\/wp-json\/wp\/v2\/posts\/16310","targetHints":{"allow":["GET"]}}],"collection":[{"href":"https:\/\/sgvaimudar.com.br\/index.php\/wp-json\/wp\/v2\/posts"}],"about":[{"href":"https:\/\/sgvaimudar.com.br\/index.php\/wp-json\/wp\/v2\/types\/post"}],"author":[{"embeddable":true,"href":"https:\/\/sgvaimudar.com.br\/index.php\/wp-json\/wp\/v2\/users\/5"}],"replies":[{"embeddable":true,"href":"https:\/\/sgvaimudar.com.br\/index.php\/wp-json\/wp\/v2\/comments?post=16310"}],"version-history":[{"count":3,"href":"https:\/\/sgvaimudar.com.br\/index.php\/wp-json\/wp\/v2\/posts\/16310\/revisions"}],"predecessor-version":[{"id":16323,"href":"https:\/\/sgvaimudar.com.br\/index.php\/wp-json\/wp\/v2\/posts\/16310\/revisions\/16323"}],"wp:featuredmedia":[{"embeddable":true,"href":"https:\/\/sgvaimudar.com.br\/index.php\/wp-json\/wp\/v2\/media\/16311"}],"wp:attachment":[{"href":"https:\/\/sgvaimudar.com.br\/index.php\/wp-json\/wp\/v2\/media?parent=16310"}],"wp:term":[{"taxonomy":"category","embeddable":true,"href":"https:\/\/sgvaimudar.com.br\/index.php\/wp-json\/wp\/v2\/categories?post=16310"},{"taxonomy":"post_tag","embeddable":true,"href":"https:\/\/sgvaimudar.com.br\/index.php\/wp-json\/wp\/v2\/tags?post=16310"}],"curies":[{"name":"wp","href":"https:\/\/api.w.org\/{rel}","templated":true}]}}