{"id":16182,"date":"2024-11-30T13:00:00","date_gmt":"2024-11-30T16:00:00","guid":{"rendered":"https:\/\/sgvaimudar.com.br\/?p=16182"},"modified":"2024-11-30T09:07:49","modified_gmt":"2024-11-30T12:07:49","slug":"sao-goncalo-realiza-a-3a-conferencia-municipal-do-meio-ambiente","status":"publish","type":"post","link":"https:\/\/sgvaimudar.com.br\/index.php\/2024\/11\/30\/sao-goncalo-realiza-a-3a-conferencia-municipal-do-meio-ambiente\/","title":{"rendered":"S\u00e3o Gon\u00e7alo realiza a 3\u00aa Confer\u00eancia Municipal do Meio Ambiente"},"content":{"rendered":"\n<p><em>Evento re\u00fane autoridades e comunidade para discuss\u00f5es em prol da sustentabilidade&nbsp;<\/em><\/p>\n\n\n\n<p>A Secretaria de Meio Ambiente da Prefeitura de S\u00e3o Gon\u00e7alo deu in\u00edcio, ontem (sexta-feira, 29), \u00e0 3\u00aa Confer\u00eancia Municipal do Meio Ambiente (CMMA-SG), com o tema \u201cEmerg\u00eancia Clim\u00e1tica: o Desafio da Transforma\u00e7\u00e3o Ecol\u00f3gica\u201d. O evento, que acontece ao longo deste s\u00e1bado, visa debater solu\u00e7\u00f5es e promover a\u00e7\u00f5es concretas para enfrentar os desafios ambientais locais e globais, com base nas diretrizes da 5\u00aa Confer\u00eancia Nacional do Meio Ambiente.<\/p>\n\n\n\n<figure class=\"wp-block-image size-full\"><img fetchpriority=\"high\" decoding=\"async\" width=\"1024\" height=\"681\" src=\"https:\/\/sgvaimudar.com.br\/wp-content\/uploads\/2024\/11\/unnamed-7-18.jpg\" alt=\"\" class=\"wp-image-16183\" srcset=\"https:\/\/sgvaimudar.com.br\/wp-content\/uploads\/2024\/11\/unnamed-7-18.jpg 1024w, https:\/\/sgvaimudar.com.br\/wp-content\/uploads\/2024\/11\/unnamed-7-18-300x200.jpg 300w, https:\/\/sgvaimudar.com.br\/wp-content\/uploads\/2024\/11\/unnamed-7-18-768x511.jpg 768w\" sizes=\"(max-width: 1024px) 100vw, 1024px\" \/><\/figure>\n\n\n\n<p>A confer\u00eancia deste ano abordar\u00e1 os principais eixos tem\u00e1ticos da 5\u00aa Confer\u00eancia Nacional do Meio Ambiente: Mitiga\u00e7\u00e3o, Adapta\u00e7\u00e3o e Prepara\u00e7\u00e3o para Desastres, Transforma\u00e7\u00e3o Ecol\u00f3gica, Justi\u00e7a Clim\u00e1tica e Governan\u00e7a, e Educa\u00e7\u00e3o Ambiental. O evento contar\u00e1 com a participa\u00e7\u00e3o de delegados, convidados e observadores, que ter\u00e3o a oportunidade de debater e propor solu\u00e7\u00f5es para os desafios ambientais de S\u00e3o Gon\u00e7alo.<\/p>\n\n\n\n<p>Durante a cerim\u00f4nia de abertura, Maria Gabriela Bessa, subsecret\u00e1ria executiva da Secretaria de Estado das Cidades, destacou a import\u00e2ncia de debates para fortalecer o engajamento em quest\u00f5es ambientais. \u201cAcho muito importante esses tipos de discuss\u00f5es para estarmos promovendo propostas e solu\u00e7\u00f5es para que possamos estar cada vez mais engajados nesta pauta ambiental, ajudando o nosso munic\u00edpio e Estado\u201d, afirmou.<\/p>\n\n\n\n<p>O secret\u00e1rio do Meio Ambiente de S\u00e3o Gon\u00e7alo, Carlos Afonso Pereira Rosa, tamb\u00e9m ressaltou o compromisso da gest\u00e3o local com a preserva\u00e7\u00e3o ambiental. \u201cEu me sinto muito orgulhoso de ser secret\u00e1rio do Meio Ambiente de S\u00e3o Gon\u00e7alo, um munic\u00edpio que foi muito desgastado nas gest\u00f5es anteriores. E, hoje, a gente tem uma obriga\u00e7\u00e3o constante de priorizar as quest\u00f5es do meio ambiente aqui no nosso munic\u00edpio. Nosso objetivo nesta confer\u00eancia \u00e9 tirar pautas concretas para ajudar o meio ambiente e aplicar no nosso munic\u00edpio, fazendo a nossa parte\u201d, disse.<\/p>\n\n\n\n<figure class=\"wp-block-image size-full\"><img decoding=\"async\" width=\"1024\" height=\"681\" src=\"https:\/\/sgvaimudar.com.br\/wp-content\/uploads\/2024\/11\/unnamed-8-12.jpg\" alt=\"\" class=\"wp-image-16185\" srcset=\"https:\/\/sgvaimudar.com.br\/wp-content\/uploads\/2024\/11\/unnamed-8-12.jpg 1024w, https:\/\/sgvaimudar.com.br\/wp-content\/uploads\/2024\/11\/unnamed-8-12-300x200.jpg 300w, https:\/\/sgvaimudar.com.br\/wp-content\/uploads\/2024\/11\/unnamed-8-12-768x511.jpg 768w\" sizes=\"(max-width: 1024px) 100vw, 1024px\" \/><\/figure>\n\n\n\n<p>Na abertura do evento, tamb\u00e9m foram apresentados diversos projetos e a\u00e7\u00f5es desenvolvidas na cidade, como o \u201cLimpa S\u00e3o Gon\u00e7alo\u201d, \u201cEstudo Vivo\u201d, \u201cAsas\u201d, \u201c\u00c1guas da Guanabara\u201d e \u201cFortalece S\u00e3o Gon\u00e7alo\u201d, iniciativas que buscam conscientizar a popula\u00e7\u00e3o e promover mudan\u00e7as comportamentais em rela\u00e7\u00e3o ao meio ambiente.<\/p>\n\n\n\n<p>O vice-prefeito S\u00e9rgio Gev\u00fa destacou o apoio do governo municipal \u00e0s iniciativas ambientais. \u201c\u00c9 muito gratificante saber que S\u00e3o Gon\u00e7alo est\u00e1 no caminho certo, investindo em pautas que realmente beneficiam a popula\u00e7\u00e3o e a sa\u00fade dos gon\u00e7alenses. Nosso prefeito, Capit\u00e3o Nelson, tem dado todo o apoio para essas quest\u00f5es\u201d, afirmou.<\/p>\n\n\n\n<p>No s\u00e1bado (30), a confer\u00eancia contar\u00e1 com uma feira de agricultura familiar e de artesanato, com produtos locais de produtores rurais e artes\u00e3os de S\u00e3o Gon\u00e7alo. A feira visa promover a sustentabilidade e valorizar a produ\u00e7\u00e3o local, al\u00e9m de possibilitar aos participantes uma experi\u00eancia pr\u00e1tica sobre como as pr\u00e1ticas ambientais podem ser integradas \u00e0 economia local.<\/p>\n\n\n\n<p>O credenciamento para os participantes da 3\u00aa CMMA-SG acontecer\u00e1 no s\u00e1bado, das 8h \u00e0s 10h, nas categorias Delegados Municipais (com direito a voz e voto), Convidados (com direito a voz) e Observadores (sem direito a voz e voto).<\/p>\n\n\n\n<p>A confer\u00eancia refor\u00e7a o compromisso de S\u00e3o Gon\u00e7alo em enfrentar os desafios ambientais, promover a transforma\u00e7\u00e3o ecol\u00f3gica e implementar solu\u00e7\u00f5es concretas para garantir um futuro mais sustent\u00e1vel para a cidade e seus habitantes.<\/p>\n\n\n\n<p><strong>Servi\u00e7o:<\/strong><\/p>\n\n\n\n<p>3\u00aa Confer\u00eancia Municipal do Meio Ambiente de S\u00e3o Gon\u00e7alo<\/p>\n\n\n\n<p>Data: 29 e 30 de novembro<\/p>\n\n\n\n<p>Local: SEST SENAT, situado a Rodovia Amaral Peixoto, RJ-104, do KM. 9001 ao KM. 11499 (lado \u00edmpar), KM07, Tribob\u00f3, S\u00e3o Gon\u00e7alo\/RJ<\/p>\n\n\n\n<p><em>Foto: Luiz Carvalho<\/em><\/p>\n\n\n\n<p><strong><em><sup>S\u00e3o Gon\u00e7alo Vai Mudar. O Maior Portal da Cidade.<\/sup><\/em><\/strong><\/p>\n\n\n\n<figure class=\"wp-block-image size-full\"><img decoding=\"async\" width=\"317\" height=\"111\" src=\"https:\/\/sgvaimudar.com.br\/wp-content\/uploads\/2023\/08\/Logo-Provisoria-2-2.png\" alt=\"\" class=\"wp-image-2781\" srcset=\"https:\/\/sgvaimudar.com.br\/wp-content\/uploads\/2023\/08\/Logo-Provisoria-2-2.png 317w, https:\/\/sgvaimudar.com.br\/wp-content\/uploads\/2023\/08\/Logo-Provisoria-2-2-300x105.png 300w\" sizes=\"(max-width: 317px) 100vw, 317px\" \/><\/figure>\n","protected":false},"excerpt":{"rendered":"<p>Evento re\u00fane autoridades e comunidade para discuss\u00f5es em prol da sustentabilidade&nbsp; A Secretaria de Meio Ambiente da Prefeitura de S\u00e3o&hellip;<\/p>\n","protected":false},"author":5,"featured_media":16184,"comment_status":"open","ping_status":"open","sticky":false,"template":"","format":"standard","meta":{"fifu_image_url":"","fifu_image_alt":"","footnotes":""},"categories":[3],"tags":[],"class_list":["post-16182","post","type-post","status-publish","format-standard","has-post-thumbnail","hentry","category-sao-goncalo"],"_links":{"self":[{"href":"https:\/\/sgvaimudar.com.br\/index.php\/wp-json\/wp\/v2\/posts\/16182","targetHints":{"allow":["GET"]}}],"collection":[{"href":"https:\/\/sgvaimudar.com.br\/index.php\/wp-json\/wp\/v2\/posts"}],"about":[{"href":"https:\/\/sgvaimudar.com.br\/index.php\/wp-json\/wp\/v2\/types\/post"}],"author":[{"embeddable":true,"href":"https:\/\/sgvaimudar.com.br\/index.php\/wp-json\/wp\/v2\/users\/5"}],"replies":[{"embeddable":true,"href":"https:\/\/sgvaimudar.com.br\/index.php\/wp-json\/wp\/v2\/comments?post=16182"}],"version-history":[{"count":1,"href":"https:\/\/sgvaimudar.com.br\/index.php\/wp-json\/wp\/v2\/posts\/16182\/revisions"}],"predecessor-version":[{"id":16186,"href":"https:\/\/sgvaimudar.com.br\/index.php\/wp-json\/wp\/v2\/posts\/16182\/revisions\/16186"}],"wp:featuredmedia":[{"embeddable":true,"href":"https:\/\/sgvaimudar.com.br\/index.php\/wp-json\/wp\/v2\/media\/16184"}],"wp:attachment":[{"href":"https:\/\/sgvaimudar.com.br\/index.php\/wp-json\/wp\/v2\/media?parent=16182"}],"wp:term":[{"taxonomy":"category","embeddable":true,"href":"https:\/\/sgvaimudar.com.br\/index.php\/wp-json\/wp\/v2\/categories?post=16182"},{"taxonomy":"post_tag","embeddable":true,"href":"https:\/\/sgvaimudar.com.br\/index.php\/wp-json\/wp\/v2\/tags?post=16182"}],"curies":[{"name":"wp","href":"https:\/\/api.w.org\/{rel}","templated":true}]}}