{"id":16150,"date":"2024-11-30T08:02:00","date_gmt":"2024-11-30T11:02:00","guid":{"rendered":"https:\/\/sgvaimudar.com.br\/?p=16150"},"modified":"2024-11-30T07:48:37","modified_gmt":"2024-11-30T10:48:37","slug":"sao-goncalo-celebra-dia-internacional-da-pessoa-com-deficiencia","status":"publish","type":"post","link":"https:\/\/sgvaimudar.com.br\/index.php\/2024\/11\/30\/sao-goncalo-celebra-dia-internacional-da-pessoa-com-deficiencia\/","title":{"rendered":"S\u00e3o Gon\u00e7alo celebra Dia Internacional da Pessoa com Defici\u00eancia"},"content":{"rendered":"\n<p><em>Teatro Municipal abre as portas no pr\u00f3xima ter\u00e7a-feira (3\/12) com v\u00e1rias atividades<\/em><\/p>\n\n\n\n<p>A Secretaria de Assist\u00eancia Social da Prefeitura de S\u00e3o Gon\u00e7alo, atrav\u00e9s da Subsecretaria da Pessoa com Defici\u00eancia, em comemora\u00e7\u00e3o ao Dia Internacional da Pessoa com Defici\u00eancia, vai realizar um evento com diversas atividades, no Teatro Municipal, na ter\u00e7a-feira (3), a partir das 14h.<\/p>\n\n\n\n<figure class=\"wp-block-image size-large\"><img fetchpriority=\"high\" decoding=\"async\" width=\"1024\" height=\"1024\" src=\"https:\/\/sgvaimudar.com.br\/wp-content\/uploads\/2024\/11\/unnamed-11-8-1024x1024.jpg\" alt=\"\" class=\"wp-image-16151\" srcset=\"https:\/\/sgvaimudar.com.br\/wp-content\/uploads\/2024\/11\/unnamed-11-8-1024x1024.jpg 1024w, https:\/\/sgvaimudar.com.br\/wp-content\/uploads\/2024\/11\/unnamed-11-8-300x300.jpg 300w, https:\/\/sgvaimudar.com.br\/wp-content\/uploads\/2024\/11\/unnamed-11-8-150x150.jpg 150w, https:\/\/sgvaimudar.com.br\/wp-content\/uploads\/2024\/11\/unnamed-11-8-768x768.jpg 768w, https:\/\/sgvaimudar.com.br\/wp-content\/uploads\/2024\/11\/unnamed-11-8.jpg 1200w\" sizes=\"(max-width: 1024px) 100vw, 1024px\" \/><\/figure>\n\n\n\n<p>A data \u00e9 celebrada no dia 3 de dezembro desde 1992 e foi institu\u00edda pela Organiza\u00e7\u00e3o das Na\u00e7\u00f5es Unidas como forma de estimular uma reflex\u00e3o sobre os direitos da pessoa com defici\u00eancia, al\u00e9m de buscar ampliar a acessibilidade e a inclus\u00e3o dessas pessoas na sociedade.<\/p>\n\n\n\n<p>Durante a homenagem, haver\u00e1 manifesta\u00e7\u00f5es art\u00edsticas e culturais de pessoas com defici\u00eancia e das institui\u00e7\u00f5es municipais que lhes representam, al\u00e9m de atividades que ir\u00e3o promover a conscientiza\u00e7\u00e3o da data.<\/p>\n\n\n\n<p>O evento \u00e9 aberto ao p\u00fablico com entrada franca.<\/p>\n\n\n\n<p><strong>Servi\u00e7o:<\/strong><\/p>\n\n\n\n<p>Evento alusivo ao Dia Internacional da Pessoa com Defici\u00eancia, nesta ter\u00e7a-feira (3), a partir das 14h, no Teatro Municipal de S\u00e3o Gon\u00e7alo, que fica na Rua Dr. Feliciano Sodr\u00e9, 100, Centro.<\/p>\n\n\n\n<p><strong><em><sup>S\u00e3o Gon\u00e7alo Vai Mudar. O Maior Portal da Cidade.<\/sup><\/em><\/strong><\/p>\n\n\n\n<figure class=\"wp-block-image size-full\"><img decoding=\"async\" width=\"317\" height=\"111\" src=\"https:\/\/sgvaimudar.com.br\/wp-content\/uploads\/2023\/08\/Logo-Provisoria-2-2.png\" alt=\"\" class=\"wp-image-2781\" srcset=\"https:\/\/sgvaimudar.com.br\/wp-content\/uploads\/2023\/08\/Logo-Provisoria-2-2.png 317w, https:\/\/sgvaimudar.com.br\/wp-content\/uploads\/2023\/08\/Logo-Provisoria-2-2-300x105.png 300w\" sizes=\"(max-width: 317px) 100vw, 317px\" \/><\/figure>\n","protected":false},"excerpt":{"rendered":"<p>Teatro Municipal abre as portas no pr\u00f3xima ter\u00e7a-feira (3\/12) com v\u00e1rias atividades A Secretaria de Assist\u00eancia Social da Prefeitura de&hellip;<\/p>\n","protected":false},"author":5,"featured_media":0,"comment_status":"open","ping_status":"open","sticky":false,"template":"","format":"standard","meta":{"fifu_image_url":"","fifu_image_alt":"","footnotes":""},"categories":[6],"tags":[],"class_list":["post-16150","post","type-post","status-publish","format-standard","hentry","category-entretenimento"],"_links":{"self":[{"href":"https:\/\/sgvaimudar.com.br\/index.php\/wp-json\/wp\/v2\/posts\/16150","targetHints":{"allow":["GET"]}}],"collection":[{"href":"https:\/\/sgvaimudar.com.br\/index.php\/wp-json\/wp\/v2\/posts"}],"about":[{"href":"https:\/\/sgvaimudar.com.br\/index.php\/wp-json\/wp\/v2\/types\/post"}],"author":[{"embeddable":true,"href":"https:\/\/sgvaimudar.com.br\/index.php\/wp-json\/wp\/v2\/users\/5"}],"replies":[{"embeddable":true,"href":"https:\/\/sgvaimudar.com.br\/index.php\/wp-json\/wp\/v2\/comments?post=16150"}],"version-history":[{"count":1,"href":"https:\/\/sgvaimudar.com.br\/index.php\/wp-json\/wp\/v2\/posts\/16150\/revisions"}],"predecessor-version":[{"id":16152,"href":"https:\/\/sgvaimudar.com.br\/index.php\/wp-json\/wp\/v2\/posts\/16150\/revisions\/16152"}],"wp:attachment":[{"href":"https:\/\/sgvaimudar.com.br\/index.php\/wp-json\/wp\/v2\/media?parent=16150"}],"wp:term":[{"taxonomy":"category","embeddable":true,"href":"https:\/\/sgvaimudar.com.br\/index.php\/wp-json\/wp\/v2\/categories?post=16150"},{"taxonomy":"post_tag","embeddable":true,"href":"https:\/\/sgvaimudar.com.br\/index.php\/wp-json\/wp\/v2\/tags?post=16150"}],"curies":[{"name":"wp","href":"https:\/\/api.w.org\/{rel}","templated":true}]}}