{"id":16147,"date":"2024-11-30T08:01:00","date_gmt":"2024-11-30T11:01:00","guid":{"rendered":"https:\/\/sgvaimudar.com.br\/?p=16147"},"modified":"2024-11-30T07:50:00","modified_gmt":"2024-11-30T10:50:00","slug":"policiais-do-12obpm-prendem-dois-acusados-de-trafico-no-risca-faca-em-marica","status":"publish","type":"post","link":"https:\/\/sgvaimudar.com.br\/index.php\/2024\/11\/30\/policiais-do-12obpm-prendem-dois-acusados-de-trafico-no-risca-faca-em-marica\/","title":{"rendered":"Policiais do 12\u00baBPM prendem dois acusados de tr\u00e1fico no Risca Faca, em Maric\u00e1"},"content":{"rendered":"\n<p>Uma opera\u00e7\u00e3o do Grupo de A\u00e7\u00f5es T\u00e1ticas (GAT), na manh\u00e3 desta sexta-feira (29), resultou na pris\u00e3o de dois homens identificados como Samuel Delgado Fagundes, de 18 anos, e Cleiton de Faria Costa, de 27 anos, que segundo os policiais, s\u00e3o acusados de trafico il\u00edcito de drogas na Comunidade Risca Faca, em Itaipua\u00e7u, Maric\u00e1.<\/p>\n\n\n\n<figure class=\"wp-block-video\"><video height=\"480\" style=\"aspect-ratio: 848 \/ 480;\" width=\"848\" controls src=\"https:\/\/sgvaimudar.com.br\/wp-content\/uploads\/2024\/11\/WhatsApp-Video-2024-11-29-at-12.28.52.mp4\"><\/video><\/figure>\n\n\n\n<p>De acordo com a PM, a guarni\u00e7\u00e3o do GAT \u201cC\u201d a comando do Oficial de Opera\u00e7\u00f5es, ao intensificar o patrulhamento na Rua Fernando Mendes, encontrou a dupla, que ao avistarem a equipe fugiram.<\/p>\n\n\n\n<p>Ap\u00f3s cerco t\u00e1tico na regi\u00e3o os policiais deteram os elementos e uma grande quantidade de entorpecentes. Diante dos fatos equipe procedeu com os elementos detidos e os materiais para a 82\u00aa DP para registro e autua\u00e7\u00e3o em flagrante delito.<\/p>\n\n\n\n<p><strong><em><sup>S\u00e3o Gon\u00e7alo Vai Mudar. O Maior Portal da Cidade.<\/sup><\/em><\/strong><\/p>\n\n\n\n<figure class=\"wp-block-image size-full\"><img decoding=\"async\" width=\"317\" height=\"111\" src=\"https:\/\/sgvaimudar.com.br\/wp-content\/uploads\/2023\/08\/Logo-Provisoria-2-2.png\" alt=\"\" class=\"wp-image-2781\" srcset=\"https:\/\/sgvaimudar.com.br\/wp-content\/uploads\/2023\/08\/Logo-Provisoria-2-2.png 317w, https:\/\/sgvaimudar.com.br\/wp-content\/uploads\/2023\/08\/Logo-Provisoria-2-2-300x105.png 300w\" sizes=\"(max-width: 317px) 100vw, 317px\" \/><\/figure>\n","protected":false},"excerpt":{"rendered":"<p>Uma opera\u00e7\u00e3o do Grupo de A\u00e7\u00f5es T\u00e1ticas (GAT), na manh\u00e3 desta sexta-feira (29), resultou na pris\u00e3o de dois homens identificados&hellip;<\/p>\n","protected":false},"author":5,"featured_media":16153,"comment_status":"open","ping_status":"open","sticky":false,"template":"","format":"standard","meta":{"fifu_image_url":"","fifu_image_alt":"","footnotes":""},"categories":[32],"tags":[],"class_list":["post-16147","post","type-post","status-publish","format-standard","has-post-thumbnail","hentry","category-casos-de-policia"],"_links":{"self":[{"href":"https:\/\/sgvaimudar.com.br\/index.php\/wp-json\/wp\/v2\/posts\/16147","targetHints":{"allow":["GET"]}}],"collection":[{"href":"https:\/\/sgvaimudar.com.br\/index.php\/wp-json\/wp\/v2\/posts"}],"about":[{"href":"https:\/\/sgvaimudar.com.br\/index.php\/wp-json\/wp\/v2\/types\/post"}],"author":[{"embeddable":true,"href":"https:\/\/sgvaimudar.com.br\/index.php\/wp-json\/wp\/v2\/users\/5"}],"replies":[{"embeddable":true,"href":"https:\/\/sgvaimudar.com.br\/index.php\/wp-json\/wp\/v2\/comments?post=16147"}],"version-history":[{"count":1,"href":"https:\/\/sgvaimudar.com.br\/index.php\/wp-json\/wp\/v2\/posts\/16147\/revisions"}],"predecessor-version":[{"id":16149,"href":"https:\/\/sgvaimudar.com.br\/index.php\/wp-json\/wp\/v2\/posts\/16147\/revisions\/16149"}],"wp:featuredmedia":[{"embeddable":true,"href":"https:\/\/sgvaimudar.com.br\/index.php\/wp-json\/wp\/v2\/media\/16153"}],"wp:attachment":[{"href":"https:\/\/sgvaimudar.com.br\/index.php\/wp-json\/wp\/v2\/media?parent=16147"}],"wp:term":[{"taxonomy":"category","embeddable":true,"href":"https:\/\/sgvaimudar.com.br\/index.php\/wp-json\/wp\/v2\/categories?post=16147"},{"taxonomy":"post_tag","embeddable":true,"href":"https:\/\/sgvaimudar.com.br\/index.php\/wp-json\/wp\/v2\/tags?post=16147"}],"curies":[{"name":"wp","href":"https:\/\/api.w.org\/{rel}","templated":true}]}}