{"id":16111,"date":"2024-11-29T15:00:00","date_gmt":"2024-11-29T18:00:00","guid":{"rendered":"https:\/\/sgvaimudar.com.br\/?p=16111"},"modified":"2024-11-29T10:25:24","modified_gmt":"2024-11-29T13:25:24","slug":"iv-seminario-de-promocao-da-saude-da-populacao-negra-destaca-a-importancia-de-politicas-inclusivas-em-itaborai","status":"publish","type":"post","link":"https:\/\/sgvaimudar.com.br\/index.php\/2024\/11\/29\/iv-seminario-de-promocao-da-saude-da-populacao-negra-destaca-a-importancia-de-politicas-inclusivas-em-itaborai\/","title":{"rendered":"IV Semin\u00e1rio de Promo\u00e7\u00e3o da Sa\u00fade da Popula\u00e7\u00e3o Negra destaca a import\u00e2ncia de pol\u00edticas inclusivas em Itabora\u00ed"},"content":{"rendered":"\n<p>O Instituto Federal Fluminense campus Itabora\u00ed (IFF Itabora\u00ed), na tarde desta quinta-feira (28\/11), foi palco do IV Semin\u00e1rio de Promo\u00e7\u00e3o da Sa\u00fade da Popula\u00e7\u00e3o Negra, com o tema \u201cSa\u00fade em Rede: Fortalecendo Cuidados na Popula\u00e7\u00e3o Negra\u201d. <\/p>\n\n\n\n<figure class=\"wp-block-image size-large\"><img fetchpriority=\"high\" decoding=\"async\" width=\"1024\" height=\"682\" src=\"https:\/\/sgvaimudar.com.br\/wp-content\/uploads\/2024\/11\/IV-Seminario-de-Promocao-da-Saude-da-Populacao-Negra-4-1024x682.jpeg\" alt=\"\" class=\"wp-image-16112\" srcset=\"https:\/\/sgvaimudar.com.br\/wp-content\/uploads\/2024\/11\/IV-Seminario-de-Promocao-da-Saude-da-Populacao-Negra-4-1024x682.jpeg 1024w, https:\/\/sgvaimudar.com.br\/wp-content\/uploads\/2024\/11\/IV-Seminario-de-Promocao-da-Saude-da-Populacao-Negra-4-300x200.jpeg 300w, https:\/\/sgvaimudar.com.br\/wp-content\/uploads\/2024\/11\/IV-Seminario-de-Promocao-da-Saude-da-Populacao-Negra-4-768x512.jpeg 768w, https:\/\/sgvaimudar.com.br\/wp-content\/uploads\/2024\/11\/IV-Seminario-de-Promocao-da-Saude-da-Populacao-Negra-4-1536x1023.jpeg 1536w, https:\/\/sgvaimudar.com.br\/wp-content\/uploads\/2024\/11\/IV-Seminario-de-Promocao-da-Saude-da-Populacao-Negra-4.jpeg 1600w\" sizes=\"(max-width: 1024px) 100vw, 1024px\" \/><\/figure>\n\n\n\n<p>O evento, promovido pela Secretaria Municipal de Sa\u00fade (Semsa) em parceria com o N\u00facleo de Educa\u00e7\u00e3o Permanente e Pesquisa em Sa\u00fade (NEPPS), reuniu especialistas, gestores e a comunidade local para debater quest\u00f5es relacionadas \u00e0 sa\u00fade, representatividade, mem\u00f3ria e enfrentamento \u00e0 viol\u00eancia na popula\u00e7\u00e3o negra.<\/p>\n\n\n\n<p>O encontro teve sua abertura marcada pela diversidade cultural, com um desfile de turbantes. O semin\u00e1rio contou ainda com a composi\u00e7\u00e3o de uma mesa de autoridades, entre elas o secret\u00e1rio municipal de sa\u00fade, H\u00e9dio Mataruna, a subsecret\u00e1ria de Aten\u00e7\u00e3o Prim\u00e1ria, Marcele Andrade, a coordenadora da Sa\u00fade da Popula\u00e7\u00e3o Negra, Cl\u00e1udia Bonfim, e o coordenador do NEPPS, Delson Carvalho.<\/p>\n\n\n\n<p>Durante o evento, palestrantes renomados trouxeram reflex\u00f5es para o fortalecimento dos cuidados \u00e0 popula\u00e7\u00e3o negra no munic\u00edpio. Entre eles, a m\u00e9dica Carolina Santos Beltr\u00e3o abordou o tema central do semin\u00e1rio, destacando a import\u00e2ncia de uma rede de sa\u00fade acolhedora e inclusiva.<\/p>\n\n\n\n<p>Al\u00e9m disso, relatos como o do aluno da rede municipal de ensino, Caio Mariano Lemos, que contou como \u00e9 ser amigo de um portador da doen\u00e7a falciforme, e Juliana Lopes, m\u00e3e de uma crian\u00e7a portadora de anemia falciforme, deram voz \u00e0s viv\u00eancias e desafios enfrentados pela comunidade.<\/p>\n\n\n\n<p>O secret\u00e1rio municipal de Sa\u00fade, H\u00e9dio Mataruna, destacou a relev\u00e2ncia das a\u00e7\u00f5es inclusivas para promover a equidade no sistema de sa\u00fade.<\/p>\n\n\n\n<p>\u201cS\u00f3 entende o que o outro passa quem est\u00e1 perto, quem olha no olho, ouve e tem empatia. N\u00f3s sabemos que a popula\u00e7\u00e3o negra passa de 60% do Brasil e em Itabora\u00ed n\u00e3o \u00e9 diferente. N\u00f3s temos 181 mil usu\u00e1rios SUS, e mais de 91 mil s\u00e3o da popula\u00e7\u00e3o negra\u201d, afirmou o secret\u00e1rio.<\/p>\n\n\n\n<p>A coordenadora Cl\u00e1udia Bomfim refor\u00e7ou o papel estrat\u00e9gico do semin\u00e1rio como um espa\u00e7o de di\u00e1logo e aprendizado.<\/p>\n\n\n\n<p>\u201cNosso objetivo hoje \u00e9 proporcionar um ambiente acolhedor e enriquecedor, onde cada um possa expandir seus horizontes, se conectar com outros participantes e adquirir novas perspectivas sobre o tema. Assim, fortalecemos o cuidado com a sa\u00fade do povo preto\u201d, destacou Cl\u00e1udia.<\/p>\n\n\n\n<p>Al\u00e9m das discuss\u00f5es, o p\u00fablico teve a oportunidade de prestigiar servi\u00e7os de trancistas, oferecidos pelo Espa\u00e7o Divas, e de massagens realizadas por profissionais do curso Recicle Massagem, promovendo momentos de autocuidado e bem-estar aos participantes.<\/p>\n\n\n\n<p>O encerramento do semin\u00e1rio foi marcado por uma apresenta\u00e7\u00e3o do Grupo de Capoeira San Cipriano, encerrando a tarde como um marco no fortalecimento das pol\u00edticas p\u00fablicas voltadas \u00e0 sa\u00fade e \u00e0 representatividade da popula\u00e7\u00e3o negra.<\/p>\n\n\n\n<p><strong><em><sup>S\u00e3o Gon\u00e7alo Vai Mudar. O Maior Portal da Cidade.<\/sup><\/em><\/strong><\/p>\n\n\n\n<figure class=\"wp-block-image size-large\"><img decoding=\"async\" width=\"1024\" height=\"321\" src=\"https:\/\/sgvaimudar.com.br\/wp-content\/uploads\/2023\/08\/Logo-Provisoria-2-1024x321.png\" alt=\"\" class=\"wp-image-2777\" srcset=\"https:\/\/sgvaimudar.com.br\/wp-content\/uploads\/2023\/08\/Logo-Provisoria-2-1024x321.png 1024w, https:\/\/sgvaimudar.com.br\/wp-content\/uploads\/2023\/08\/Logo-Provisoria-2-300x94.png 300w, https:\/\/sgvaimudar.com.br\/wp-content\/uploads\/2023\/08\/Logo-Provisoria-2-768x241.png 768w, https:\/\/sgvaimudar.com.br\/wp-content\/uploads\/2023\/08\/Logo-Provisoria-2-1536x482.png 1536w, https:\/\/sgvaimudar.com.br\/wp-content\/uploads\/2023\/08\/Logo-Provisoria-2-2048x642.png 2048w\" sizes=\"(max-width: 1024px) 100vw, 1024px\" \/><\/figure>\n","protected":false},"excerpt":{"rendered":"<p>O Instituto Federal Fluminense campus Itabora\u00ed (IFF Itabora\u00ed), na tarde desta quinta-feira (28\/11), foi palco do IV Semin\u00e1rio de Promo\u00e7\u00e3o&hellip;<\/p>\n","protected":false},"author":5,"featured_media":16113,"comment_status":"open","ping_status":"open","sticky":false,"template":"","format":"standard","meta":{"fifu_image_url":"","fifu_image_alt":"","footnotes":""},"categories":[7],"tags":[],"class_list":["post-16111","post","type-post","status-publish","format-standard","has-post-thumbnail","hentry","category-saude"],"_links":{"self":[{"href":"https:\/\/sgvaimudar.com.br\/index.php\/wp-json\/wp\/v2\/posts\/16111","targetHints":{"allow":["GET"]}}],"collection":[{"href":"https:\/\/sgvaimudar.com.br\/index.php\/wp-json\/wp\/v2\/posts"}],"about":[{"href":"https:\/\/sgvaimudar.com.br\/index.php\/wp-json\/wp\/v2\/types\/post"}],"author":[{"embeddable":true,"href":"https:\/\/sgvaimudar.com.br\/index.php\/wp-json\/wp\/v2\/users\/5"}],"replies":[{"embeddable":true,"href":"https:\/\/sgvaimudar.com.br\/index.php\/wp-json\/wp\/v2\/comments?post=16111"}],"version-history":[{"count":1,"href":"https:\/\/sgvaimudar.com.br\/index.php\/wp-json\/wp\/v2\/posts\/16111\/revisions"}],"predecessor-version":[{"id":16114,"href":"https:\/\/sgvaimudar.com.br\/index.php\/wp-json\/wp\/v2\/posts\/16111\/revisions\/16114"}],"wp:featuredmedia":[{"embeddable":true,"href":"https:\/\/sgvaimudar.com.br\/index.php\/wp-json\/wp\/v2\/media\/16113"}],"wp:attachment":[{"href":"https:\/\/sgvaimudar.com.br\/index.php\/wp-json\/wp\/v2\/media?parent=16111"}],"wp:term":[{"taxonomy":"category","embeddable":true,"href":"https:\/\/sgvaimudar.com.br\/index.php\/wp-json\/wp\/v2\/categories?post=16111"},{"taxonomy":"post_tag","embeddable":true,"href":"https:\/\/sgvaimudar.com.br\/index.php\/wp-json\/wp\/v2\/tags?post=16111"}],"curies":[{"name":"wp","href":"https:\/\/api.w.org\/{rel}","templated":true}]}}