{"id":16099,"date":"2024-11-29T11:59:00","date_gmt":"2024-11-29T14:59:00","guid":{"rendered":"https:\/\/sgvaimudar.com.br\/?p=16099"},"modified":"2024-11-29T10:06:33","modified_gmt":"2024-11-29T13:06:33","slug":"sao-goncalo-tem-mais-280-alunos-formados-pelo-proerd","status":"publish","type":"post","link":"https:\/\/sgvaimudar.com.br\/index.php\/2024\/11\/29\/sao-goncalo-tem-mais-280-alunos-formados-pelo-proerd\/","title":{"rendered":"S\u00e3o Gon\u00e7alo tem mais 280 alunos formados pelo Proerd"},"content":{"rendered":"\n<p><em>Programa educacional da Pol\u00edcia Militar orienta estudantes da rede municipal<\/em><\/p>\n\n\n\n<p>Nesta quinta-feira (28), 280 alunos de quatro escolas municipais de S\u00e3o Gon\u00e7alo participaram da formatura do Programa Educacional de Resist\u00eancias \u00e0s Drogas (Proerd), da Pol\u00edcia Militar do Rio de Janeiro (PMERJ), na Igreja Nova Vida, no bairro Estela do Norte.\u00a0O curso tem como objetivo discutir e alertar sobre a tem\u00e1tica das drogas, do abuso de \u00e1lcool e v\u00edcios.<\/p>\n\n\n\n<figure class=\"wp-block-image size-large\"><img fetchpriority=\"high\" decoding=\"async\" width=\"1024\" height=\"684\" src=\"https:\/\/sgvaimudar.com.br\/wp-content\/uploads\/2024\/11\/unnamed-8-11-1024x684.jpg\" alt=\"\" class=\"wp-image-16100\" srcset=\"https:\/\/sgvaimudar.com.br\/wp-content\/uploads\/2024\/11\/unnamed-8-11-1024x684.jpg 1024w, https:\/\/sgvaimudar.com.br\/wp-content\/uploads\/2024\/11\/unnamed-8-11-300x200.jpg 300w, https:\/\/sgvaimudar.com.br\/wp-content\/uploads\/2024\/11\/unnamed-8-11-768x513.jpg 768w, https:\/\/sgvaimudar.com.br\/wp-content\/uploads\/2024\/11\/unnamed-8-11-1536x1027.jpg 1536w, https:\/\/sgvaimudar.com.br\/wp-content\/uploads\/2024\/11\/unnamed-8-11.jpg 1616w\" sizes=\"(max-width: 1024px) 100vw, 1024px\" \/><\/figure>\n\n\n\n<p>\u201cGostaria de agradecer mais uma vez a parceria do Proerd, com esse tema que \u00e9 t\u00e3o importante na nossa sociedade e, por isso, t\u00e3o importante abordar dentro da escola. Gostaria tamb\u00e9m de parabenizar os alunos formandos, tenho certeza que todo o conhecimento absorvido no decorrer do programa vai fazer a diferen\u00e7a na vida de voc\u00eas\u201d, disse a subsecret\u00e1ria de Alimenta\u00e7\u00e3o Escolar, P\u00e2mela Lemos, que representou a Secretaria de Educa\u00e7\u00e3o.<\/p>\n\n\n\n<figure class=\"wp-block-image size-large\"><img decoding=\"async\" width=\"1024\" height=\"684\" src=\"https:\/\/sgvaimudar.com.br\/wp-content\/uploads\/2024\/11\/unnamed-9-10-1024x684.jpg\" alt=\"\" class=\"wp-image-16101\" srcset=\"https:\/\/sgvaimudar.com.br\/wp-content\/uploads\/2024\/11\/unnamed-9-10-1024x684.jpg 1024w, https:\/\/sgvaimudar.com.br\/wp-content\/uploads\/2024\/11\/unnamed-9-10-300x200.jpg 300w, https:\/\/sgvaimudar.com.br\/wp-content\/uploads\/2024\/11\/unnamed-9-10-768x513.jpg 768w, https:\/\/sgvaimudar.com.br\/wp-content\/uploads\/2024\/11\/unnamed-9-10-1536x1027.jpg 1536w, https:\/\/sgvaimudar.com.br\/wp-content\/uploads\/2024\/11\/unnamed-9-10.jpg 1616w\" sizes=\"(max-width: 1024px) 100vw, 1024px\" \/><\/figure>\n\n\n\n<p>Durante o evento, os instrutores do Proerd premiaram os alunos que mais se destacaram ao longo das aulas, e leram algumas reda\u00e7\u00f5es que sintetizaram melhor o que foi absorvido pelos alunos. A reda\u00e7\u00e3o da aluna J\u00falia Tavares, na Escola Municipal Professora Marlucy Salles de Almeida, foi a que mais se destacou, por isso, a estudante foi premiada com uma bicicleta.<\/p>\n\n\n\n<p>\u201cNesses \u00faltimos meses, eu aprendi com o Proerd o que as drogas e a bebida alco\u00f3lica fazem e tamb\u00e9m sobre o bullying. Entendi tamb\u00e9m que para n\u00e3o me envolver com a drogas eu n\u00e3o posso ter amizades com pessoas que usem e sempre tenho que me cuidar. O Proerd me ensinou muito, me fez rir e chorar, e, principalmente, me deixou mais feliz\u201d, afirmou a aluna.&nbsp;&nbsp;<\/p>\n\n\n\n<p><em>Fotos: Renan Otto<\/em><\/p>\n\n\n\n<p><strong><em><sup>S\u00e3o Gon\u00e7alo Vai Mudar. O Maior Portal da Cidade.<\/sup><\/em><\/strong><\/p>\n\n\n\n<figure class=\"wp-block-image size-full\"><img decoding=\"async\" width=\"317\" height=\"111\" src=\"https:\/\/sgvaimudar.com.br\/wp-content\/uploads\/2023\/08\/Logo-Provisoria-2-2.png\" alt=\"\" class=\"wp-image-2781\" srcset=\"https:\/\/sgvaimudar.com.br\/wp-content\/uploads\/2023\/08\/Logo-Provisoria-2-2.png 317w, https:\/\/sgvaimudar.com.br\/wp-content\/uploads\/2023\/08\/Logo-Provisoria-2-2-300x105.png 300w\" sizes=\"(max-width: 317px) 100vw, 317px\" \/><\/figure>\n","protected":false},"excerpt":{"rendered":"<p>Programa educacional da Pol\u00edcia Militar orienta estudantes da rede municipal Nesta quinta-feira (28), 280 alunos de quatro escolas municipais de&hellip;<\/p>\n","protected":false},"author":5,"featured_media":16102,"comment_status":"open","ping_status":"open","sticky":false,"template":"","format":"standard","meta":{"fifu_image_url":"","fifu_image_alt":"","footnotes":""},"categories":[32],"tags":[],"class_list":["post-16099","post","type-post","status-publish","format-standard","has-post-thumbnail","hentry","category-casos-de-policia"],"_links":{"self":[{"href":"https:\/\/sgvaimudar.com.br\/index.php\/wp-json\/wp\/v2\/posts\/16099","targetHints":{"allow":["GET"]}}],"collection":[{"href":"https:\/\/sgvaimudar.com.br\/index.php\/wp-json\/wp\/v2\/posts"}],"about":[{"href":"https:\/\/sgvaimudar.com.br\/index.php\/wp-json\/wp\/v2\/types\/post"}],"author":[{"embeddable":true,"href":"https:\/\/sgvaimudar.com.br\/index.php\/wp-json\/wp\/v2\/users\/5"}],"replies":[{"embeddable":true,"href":"https:\/\/sgvaimudar.com.br\/index.php\/wp-json\/wp\/v2\/comments?post=16099"}],"version-history":[{"count":1,"href":"https:\/\/sgvaimudar.com.br\/index.php\/wp-json\/wp\/v2\/posts\/16099\/revisions"}],"predecessor-version":[{"id":16103,"href":"https:\/\/sgvaimudar.com.br\/index.php\/wp-json\/wp\/v2\/posts\/16099\/revisions\/16103"}],"wp:featuredmedia":[{"embeddable":true,"href":"https:\/\/sgvaimudar.com.br\/index.php\/wp-json\/wp\/v2\/media\/16102"}],"wp:attachment":[{"href":"https:\/\/sgvaimudar.com.br\/index.php\/wp-json\/wp\/v2\/media?parent=16099"}],"wp:term":[{"taxonomy":"category","embeddable":true,"href":"https:\/\/sgvaimudar.com.br\/index.php\/wp-json\/wp\/v2\/categories?post=16099"},{"taxonomy":"post_tag","embeddable":true,"href":"https:\/\/sgvaimudar.com.br\/index.php\/wp-json\/wp\/v2\/tags?post=16099"}],"curies":[{"name":"wp","href":"https:\/\/api.w.org\/{rel}","templated":true}]}}