{"id":16010,"date":"2024-11-28T12:00:00","date_gmt":"2024-11-28T15:00:00","guid":{"rendered":"https:\/\/sgvaimudar.com.br\/?p=16010"},"modified":"2024-11-28T10:22:15","modified_gmt":"2024-11-28T13:22:15","slug":"contribuintes-negociam-dividas-no-concilia-sao-goncalo-2024","status":"publish","type":"post","link":"https:\/\/sgvaimudar.com.br\/index.php\/2024\/11\/28\/contribuintes-negociam-dividas-no-concilia-sao-goncalo-2024\/","title":{"rendered":"Contribuintes negociam d\u00edvidas no Concilia S\u00e3o Gon\u00e7alo 2024"},"content":{"rendered":"\n<p><em>Iniciativa \u00e9 fruto de conv\u00eanio entre Procuradoria Geral e Tribunal de Justi\u00e7a<\/em><\/p>\n\n\n\n<p>Mais de 80 funcion\u00e1rios da Procuradoria Geral da Prefeitura de S\u00e3o Gon\u00e7alo j\u00e1 est\u00e3o atendendo os gon\u00e7alenses no \u201cConcilia S\u00e3o Gon\u00e7alo 2024 \u2013 Desativa a D\u00edvida Ativa\u201d, que teve in\u00edcio nesta quarta-feira (27), no G3 do Partage Shopping, no Centro.<\/p>\n\n\n\n<figure class=\"wp-block-image size-full\"><img fetchpriority=\"high\" decoding=\"async\" width=\"1024\" height=\"683\" src=\"https:\/\/sgvaimudar.com.br\/wp-content\/uploads\/2024\/11\/unnamed-7-16.jpg\" alt=\"\" class=\"wp-image-16012\" srcset=\"https:\/\/sgvaimudar.com.br\/wp-content\/uploads\/2024\/11\/unnamed-7-16.jpg 1024w, https:\/\/sgvaimudar.com.br\/wp-content\/uploads\/2024\/11\/unnamed-7-16-300x200.jpg 300w, https:\/\/sgvaimudar.com.br\/wp-content\/uploads\/2024\/11\/unnamed-7-16-768x512.jpg 768w\" sizes=\"(max-width: 1024px) 100vw, 1024px\" \/><\/figure>\n\n\n\n<p>A iniciativa, que \u00e9 fruto de um conv\u00eanio entre a Procuradoria Geral do Munic\u00edpio com o Tribunal de Justi\u00e7a do Estado do Rio de Janeiro (TJ-RJ), oferece condi\u00e7\u00f5es especiais para a quita\u00e7\u00e3o de d\u00edvidas ativas e ajuizadas no munic\u00edpio, com anistia dos encargos morat\u00f3rios e 10% de desconto na d\u00edvida principal para pagamentos \u00e0 vista, al\u00e9m de parcelamentos em at\u00e9 48 vezes para acordos.<\/p>\n\n\n\n<p>O atendimento aos contribuintes est\u00e1 sendo realizado na sede da Procuradoria, que fica no G3 do Partage Shopping, no Centro. Januza Brand\u00e3o Assad Santos, procuradora geral do munic\u00edpio, destacou a import\u00e2ncia da iniciativa.<\/p>\n\n\n\n<p>&#8220;Vamos funcionar de hoje, dia 27 de novembro, at\u00e9 o dia 27 de dezembro, aqui no G3 do Partage. O Concilia acontece, geralmente, uma vez por gest\u00e3o. S\u00e3o Gon\u00e7alo j\u00e1 havia conseguido essa parceria em 2022 e agora conseguimos novamente. \u00c9 mais uma oportunidade para o gon\u00e7alense conseguir o parcelamento das suas d\u00edvidas aju\u00edzadas&#8221;, afirmou.<\/p>\n\n\n\n<p>O programa \u00e9 v\u00e1lido para d\u00edvidas ajuizadas no munic\u00edpio para Imposto sobre Servi\u00e7os de Qualquer Natureza (ISS), Imposto Predial e Territorial Urbano (IPTU), Taxa de Coleta de Lixo (TCL), e multas. As pessoas e\/ou empresas que optarem pelo pagamento \u00e0 vista ter\u00e3o 10% de desconto na d\u00edvida principal e 100% de abatimento dos encargos morat\u00f3rios. Os acordos preveem a quita\u00e7\u00e3o em at\u00e9 48 parcelas.<\/p>\n\n\n\n<p>A oportunidade foi aproveitada por diversos gon\u00e7alenses. A operadora de caixa Ana L\u00facia Rangel, de 53 anos, foi uma das primeiras a chegar ao shopping para receber atendimento pelo Concilia.<\/p>\n\n\n\n<p>&#8220;Eu cheguei por volta das 8h desta quarta-feira (27) e consegui atendimento. A fila foi muito bem organizada, com funcion\u00e1rios totalmente capacitados para dar informa\u00e7\u00e3o. Eu consegui ser bem atendida e sanei minhas d\u00favidas. Essa iniciativa \u00e9 uma oportunidade maravilhosa para que possamos ficar em dia com as contas&#8221;, afirmou a moradora do Mutu\u00e1.<\/p>\n\n\n\n<p>Leidineia de Sales, de 61 anos, tamb\u00e9m conseguiu sanar suas d\u00favidas atrav\u00e9s da iniciativa. &#8220;\u00c9 uma iniciativa \u00f3tima, eu consegui acertar minhas d\u00edvidas, fui bem atendida e o servi\u00e7o foi bem organizado, consegui parcelar uma d\u00edvida que tinha e foi tudo muito bom&#8221;, contou a aposentada.<\/p>\n\n\n\n<p>O atendimento est\u00e1 sendo realizado de segunda a sexta-feira, das 8h \u00e0s 22h, e s\u00e1bados e domingos, das 10h \u00e0s 18h, no G3 do Partage Shopping, no Centro. Nos dias de semana, as senhas s\u00e3o distribu\u00eddas at\u00e9 \u00e0s 20h, j\u00e1 nos fins de semana, a distribui\u00e7\u00e3o acontece at\u00e9 \u00e0s 16h.<\/p>\n\n\n\n<p>O desconto nas multas e juros \u00e9 calculado de acordo com o n\u00famero de parcelas escolhidas pelo contribuinte da seguinte forma:<\/p>\n\n\n\n<p>\u2013 \u00c0 vista: 10% de desconto na d\u00edvida principal e 100 % dos encargos morat\u00f3rios;<\/p>\n\n\n\n<p>\u2013 Parcelamento de duas a seis vezes: 80% de desconto nos encargos;<\/p>\n\n\n\n<p>\u2013 Parcelamento de sete a 12 vezes: 70% de desconto nos encargos;<\/p>\n\n\n\n<p>\u2013 Parcelamento de 13 a 18 vezes: 60% de desconto nos encargos;<\/p>\n\n\n\n<p>\u2013 Parcelamento de 19 a 24 vezes: 50% de desconto nos encargos;<\/p>\n\n\n\n<p>\u2013 Parcelamento de 25 a 30 vezes: 40% de desconto nos encargos;<\/p>\n\n\n\n<p>\u2013 Parcelamento de 31 a 36 vezes: 30% de desconto nos encargos;<\/p>\n\n\n\n<p>\u2013 Parcelamento de 37 a 48 vezes: 20% de desconto nos encargos.<\/p>\n\n\n\n<p><strong>Documentos<\/strong>&nbsp;\u2013 Para a realiza\u00e7\u00e3o do acordo, devem ser apresentados os seguintes documentos:<\/p>\n\n\n\n<p>. Contribuinte:<\/p>\n\n\n\n<p>\u2013 RG e CPF;<\/p>\n\n\n\n<p>\u2013 Comprovante de resid\u00eancia atualizado. Caso o im\u00f3vel n\u00e3o esteja no nome do contribuinte, \u00e9 necess\u00e1rio apresentar um documento que comprove sua propriedade (escritura\/contrato de compra e venda).<\/p>\n\n\n\n<p>. Representante do contribuinte:<\/p>\n\n\n\n<p>\u2013 RG e CPF do representante e\/ou do contribuinte;<\/p>\n\n\n\n<p>\u2013 Comprovante de resid\u00eancia atualizado no nome do representante;<\/p>\n\n\n\n<p>\u2013 Procura\u00e7\u00e3o simples;<\/p>\n\n\n\n<p>\u2013 Documento de posse do im\u00f3vel (escritura p\u00fablica, contrato de compra e venda, contrato de aluguel ou afins).<\/p>\n\n\n\n<p><em>Fotos: Fabio Guimar\u00e3es<\/em><\/p>\n\n\n\n<p><em><sup><strong>S\u00e3o Gon\u00e7alo Vai Mudar. O Maior Portal da Cidade.<\/strong><\/sup><\/em><\/p>\n\n\n\n<figure class=\"wp-block-image size-full\"><img decoding=\"async\" width=\"250\" height=\"87\" src=\"https:\/\/sgvaimudar.com.br\/wp-content\/uploads\/2023\/08\/cropped-Logo.png\" alt=\"\" class=\"wp-image-2739\" \/><\/figure>\n","protected":false},"excerpt":{"rendered":"<p>Iniciativa \u00e9 fruto de conv\u00eanio entre Procuradoria Geral e Tribunal de Justi\u00e7a Mais de 80 funcion\u00e1rios da Procuradoria Geral da&hellip;<\/p>\n","protected":false},"author":5,"featured_media":16011,"comment_status":"open","ping_status":"open","sticky":false,"template":"","format":"standard","meta":{"fifu_image_url":"","fifu_image_alt":"","footnotes":""},"categories":[3],"tags":[],"class_list":["post-16010","post","type-post","status-publish","format-standard","has-post-thumbnail","hentry","category-sao-goncalo"],"_links":{"self":[{"href":"https:\/\/sgvaimudar.com.br\/index.php\/wp-json\/wp\/v2\/posts\/16010","targetHints":{"allow":["GET"]}}],"collection":[{"href":"https:\/\/sgvaimudar.com.br\/index.php\/wp-json\/wp\/v2\/posts"}],"about":[{"href":"https:\/\/sgvaimudar.com.br\/index.php\/wp-json\/wp\/v2\/types\/post"}],"author":[{"embeddable":true,"href":"https:\/\/sgvaimudar.com.br\/index.php\/wp-json\/wp\/v2\/users\/5"}],"replies":[{"embeddable":true,"href":"https:\/\/sgvaimudar.com.br\/index.php\/wp-json\/wp\/v2\/comments?post=16010"}],"version-history":[{"count":1,"href":"https:\/\/sgvaimudar.com.br\/index.php\/wp-json\/wp\/v2\/posts\/16010\/revisions"}],"predecessor-version":[{"id":16013,"href":"https:\/\/sgvaimudar.com.br\/index.php\/wp-json\/wp\/v2\/posts\/16010\/revisions\/16013"}],"wp:featuredmedia":[{"embeddable":true,"href":"https:\/\/sgvaimudar.com.br\/index.php\/wp-json\/wp\/v2\/media\/16011"}],"wp:attachment":[{"href":"https:\/\/sgvaimudar.com.br\/index.php\/wp-json\/wp\/v2\/media?parent=16010"}],"wp:term":[{"taxonomy":"category","embeddable":true,"href":"https:\/\/sgvaimudar.com.br\/index.php\/wp-json\/wp\/v2\/categories?post=16010"},{"taxonomy":"post_tag","embeddable":true,"href":"https:\/\/sgvaimudar.com.br\/index.php\/wp-json\/wp\/v2\/tags?post=16010"}],"curies":[{"name":"wp","href":"https:\/\/api.w.org\/{rel}","templated":true}]}}