{"id":15993,"date":"2024-11-28T09:49:54","date_gmt":"2024-11-28T12:49:54","guid":{"rendered":"https:\/\/sgvaimudar.com.br\/?p=15993"},"modified":"2024-11-28T09:49:55","modified_gmt":"2024-11-28T12:49:55","slug":"atencao-desempregados-programa-oportunidades-tera-nova-edicao-nesta-sexta-feira-29","status":"publish","type":"post","link":"https:\/\/sgvaimudar.com.br\/index.php\/2024\/11\/28\/atencao-desempregados-programa-oportunidades-tera-nova-edicao-nesta-sexta-feira-29\/","title":{"rendered":"Aten\u00e7\u00e3o desempregados: Programa Oportunidades ter\u00e1 nova edi\u00e7\u00e3o nesta sexta-feira (29)"},"content":{"rendered":"\n<p><em>Mais de 100 vagas de emprego ser\u00e3o disponibilizadas aos gon\u00e7alenses<\/em><\/p>\n\n\n\n<p>A Secretaria de Desenvolvimento Econ\u00f4mico da Prefeitura de S\u00e3o Gon\u00e7alo, com a Subsecretaria de Trabalho e em parceria com o Sistema Nacional de Emprego (Sine), realiza constantemente a\u00e7\u00f5es, atrav\u00e9s do Programa Oportunidades, que visam oferecer vagas de emprego para os gon\u00e7alenses. <\/p>\n\n\n\n<figure class=\"wp-block-image size-large\"><img fetchpriority=\"high\" decoding=\"async\" width=\"1024\" height=\"1024\" src=\"https:\/\/sgvaimudar.com.br\/wp-content\/uploads\/2024\/11\/unnamed-4-17-1024x1024.jpg\" alt=\"\" class=\"wp-image-15994\" srcset=\"https:\/\/sgvaimudar.com.br\/wp-content\/uploads\/2024\/11\/unnamed-4-17-1024x1024.jpg 1024w, https:\/\/sgvaimudar.com.br\/wp-content\/uploads\/2024\/11\/unnamed-4-17-300x300.jpg 300w, https:\/\/sgvaimudar.com.br\/wp-content\/uploads\/2024\/11\/unnamed-4-17-150x150.jpg 150w, https:\/\/sgvaimudar.com.br\/wp-content\/uploads\/2024\/11\/unnamed-4-17-768x768.jpg 768w, https:\/\/sgvaimudar.com.br\/wp-content\/uploads\/2024\/11\/unnamed-4-17.jpg 1200w\" sizes=\"(max-width: 1024px) 100vw, 1024px\" \/><\/figure>\n\n\n\n<p>Uma nova edi\u00e7\u00e3o do programa ir\u00e1 acontecer nesta pr\u00f3xima sexta-feira (29), das 10h \u00e0s 16h, na Sala do Empreendedor no Partage Shopping, no Centro. Ao todo, ser\u00e3o oferecidas 113 vagas em diversos cargos.<\/p>\n\n\n\n<p>Confira a lista das vagas que ser\u00e3o disponibilizadas a seguir:<\/p>\n\n\n\n<p>&#8211; 20 vagas para atendente de lanchonete: aceita ser o primeiro emprego, para pessoas de 18 a 20 anos com ensino m\u00e9dio completo ou cursando;<\/p>\n\n\n\n<p>&#8211; 16 vagas para operador de loja: com ou sem experi\u00eancia, para pessoas do sexo masculino, com fundamental completo e idade entre 18 e 45 anos;<\/p>\n\n\n\n<p>&#8211; 15 vagas para fiscal de loja: aceita ser o primeiro emprego, para pessoas do sexo masculino com idade entre 18 e 45 anos e fundamental completo;<\/p>\n\n\n\n<p>&#8211; 12 vagas para estoquista: aceita ser o primeiro emprego, para pessoas do sexo masculino com idade entre 18 e 45 anos e fundamental completo;<\/p>\n\n\n\n<p>&#8211; 10 vagas para soldador: com experi\u00eancia na \u00e1rea, fundamental completo, para pessoas de ambos os sexos com idade entre 20 e 55 anos;<\/p>\n\n\n\n<p>&#8211; 8 vagas para operador de telemarketing: com experi\u00eancia na \u00e1rea, para pessoas do sexo feminino com experi\u00eancia na \u00e1rea e idade entre 22 e 30 anos, com ensino m\u00e9dio completo;<\/p>\n\n\n\n<p>-7 vagas para vendedor interno: com experi\u00eancia na \u00e1rea, para pessoas do sexo feminino com ensino m\u00e9dio completo e idade entre 20 e 45 anos;<\/p>\n\n\n\n<p>&#8211; 5 vagas para manicure\/pedicure de sal\u00e3o de beleza: com experi\u00eancia na \u00e1rea, fundamental completo, para pessoas do sexo feminino com idade entre 20 e 45 anos;<\/p>\n\n\n\n<p>&#8211; 5 vagas para operador de telemarketing: com experi\u00eancia na \u00e1rea, para pessoas de ambos os sexos com idade entre 20 e 45 anos e ensino m\u00e9dio completo;<\/p>\n\n\n\n<p>&#8211; 3 vagas para operador de empilhadeira: para pessoas do sexo masculino com experi\u00eancia na \u00e1rea, ensino m\u00e9dio completo e com idade entre 21 e 45 anos;<\/p>\n\n\n\n<p>&#8211; 3 vagas para esteticista de sal\u00e3o de beleza: para pessoas do sexo feminino, com experi\u00eancia na \u00e1rea, ensino m\u00e9dio completo e idade entre 20 e 45 anos;<\/p>\n\n\n\n<p>&#8211; 3 vagas para pod\u00f3loga de sal\u00e3o de beleza: para pessoas do sexo feminino, com experi\u00eancia na \u00e1rea, ensino m\u00e9dio completo e idade entre 20 e 45 anos;<\/p>\n\n\n\n<p>&#8211; 2 vagas para cabeleireiro feminino de sal\u00e3o de beleza: para pessoas do sexo feminino com experi\u00eancia na \u00e1rea, ensino fundamental completo e idade entre 20 e 45 anos;<\/p>\n\n\n\n<p>&#8211; 2 vagas para nail designer de sal\u00e3o de beleza: para pessoas do sexo feminino com experi\u00eancia na \u00e1rea, ensino fundamental completo e idade entre 20 e 45 anos;<\/p>\n\n\n\n<p>&#8211; 2 vagas para mec\u00e2nico de autom\u00f3veis: com experi\u00eancia na \u00e1rea, para pessoas do sexo masculino com fundamental completo e idade entre 20 e 52 anos;<\/p>\n\n\n\n<p>O Oportunidades tem como objetivo facilitar o acesso da popula\u00e7\u00e3o aos servi\u00e7os da Casa do Empreendedor e do Sistema Nacional de Emprego (Sine). Durante a realiza\u00e7\u00e3o do programa ser\u00e3o feitos encaminhamentos de vagas de emprego, atrav\u00e9s de equipes do Sine, cadastros de Microempreendedor Individual (MEI), inscri\u00e7\u00e3o municipal e regulariza\u00e7\u00e3o de d\u00e9bitos.<\/p>\n\n\n\n<p><strong>Servi\u00e7o:<\/strong><\/p>\n\n\n\n<p>O Programa Oportunidades ir\u00e1 ocorrer na Sala do Empreendedor (lojas 177 e 178) no Partage Shopping, que fica na Avenida Presidente Kennedy, 425, no Centro. Nesta sexta-feira (29), 10h \u00e0s 16h.<\/p>\n\n\n\n<p><strong><em><sup>S\u00e3o Gon\u00e7alo Vai Mudar. O Maior Portal da Cidade.<\/sup><\/em><\/strong><\/p>\n\n\n\n<figure class=\"wp-block-image size-large\"><img decoding=\"async\" width=\"1024\" height=\"321\" src=\"https:\/\/sgvaimudar.com.br\/wp-content\/uploads\/2023\/08\/Logo-Provisoria-2-1024x321.png\" alt=\"\" class=\"wp-image-2777\" srcset=\"https:\/\/sgvaimudar.com.br\/wp-content\/uploads\/2023\/08\/Logo-Provisoria-2-1024x321.png 1024w, https:\/\/sgvaimudar.com.br\/wp-content\/uploads\/2023\/08\/Logo-Provisoria-2-300x94.png 300w, https:\/\/sgvaimudar.com.br\/wp-content\/uploads\/2023\/08\/Logo-Provisoria-2-768x241.png 768w, https:\/\/sgvaimudar.com.br\/wp-content\/uploads\/2023\/08\/Logo-Provisoria-2-1536x482.png 1536w, https:\/\/sgvaimudar.com.br\/wp-content\/uploads\/2023\/08\/Logo-Provisoria-2-2048x642.png 2048w\" sizes=\"(max-width: 1024px) 100vw, 1024px\" \/><\/figure>\n","protected":false},"excerpt":{"rendered":"<p>Mais de 100 vagas de emprego ser\u00e3o disponibilizadas aos gon\u00e7alenses A Secretaria de Desenvolvimento Econ\u00f4mico da Prefeitura de S\u00e3o Gon\u00e7alo,&hellip;<\/p>\n","protected":false},"author":5,"featured_media":6850,"comment_status":"open","ping_status":"open","sticky":false,"template":"","format":"standard","meta":{"fifu_image_url":"","fifu_image_alt":"","footnotes":""},"categories":[3],"tags":[],"class_list":["post-15993","post","type-post","status-publish","format-standard","has-post-thumbnail","hentry","category-sao-goncalo"],"_links":{"self":[{"href":"https:\/\/sgvaimudar.com.br\/index.php\/wp-json\/wp\/v2\/posts\/15993","targetHints":{"allow":["GET"]}}],"collection":[{"href":"https:\/\/sgvaimudar.com.br\/index.php\/wp-json\/wp\/v2\/posts"}],"about":[{"href":"https:\/\/sgvaimudar.com.br\/index.php\/wp-json\/wp\/v2\/types\/post"}],"author":[{"embeddable":true,"href":"https:\/\/sgvaimudar.com.br\/index.php\/wp-json\/wp\/v2\/users\/5"}],"replies":[{"embeddable":true,"href":"https:\/\/sgvaimudar.com.br\/index.php\/wp-json\/wp\/v2\/comments?post=15993"}],"version-history":[{"count":1,"href":"https:\/\/sgvaimudar.com.br\/index.php\/wp-json\/wp\/v2\/posts\/15993\/revisions"}],"predecessor-version":[{"id":15995,"href":"https:\/\/sgvaimudar.com.br\/index.php\/wp-json\/wp\/v2\/posts\/15993\/revisions\/15995"}],"wp:featuredmedia":[{"embeddable":true,"href":"https:\/\/sgvaimudar.com.br\/index.php\/wp-json\/wp\/v2\/media\/6850"}],"wp:attachment":[{"href":"https:\/\/sgvaimudar.com.br\/index.php\/wp-json\/wp\/v2\/media?parent=15993"}],"wp:term":[{"taxonomy":"category","embeddable":true,"href":"https:\/\/sgvaimudar.com.br\/index.php\/wp-json\/wp\/v2\/categories?post=15993"},{"taxonomy":"post_tag","embeddable":true,"href":"https:\/\/sgvaimudar.com.br\/index.php\/wp-json\/wp\/v2\/tags?post=15993"}],"curies":[{"name":"wp","href":"https:\/\/api.w.org\/{rel}","templated":true}]}}