{"id":15923,"date":"2024-11-27T09:55:00","date_gmt":"2024-11-27T12:55:00","guid":{"rendered":"https:\/\/sgvaimudar.com.br\/?p=15923"},"modified":"2024-11-27T08:45:33","modified_gmt":"2024-11-27T11:45:33","slug":"policia-civil-indicia-acusado-de-matar-casal-de-idosos-na-ilha-do-governador","status":"publish","type":"post","link":"https:\/\/sgvaimudar.com.br\/index.php\/2024\/11\/27\/policia-civil-indicia-acusado-de-matar-casal-de-idosos-na-ilha-do-governador\/","title":{"rendered":"Pol\u00edcia Civil indicia acusado de matar casal de idosos na Ilha do Governador"},"content":{"rendered":"\n<p><em>O acusado, preso no dia 29 de outubro, responder\u00e1 pelos crimes de homic\u00eddio qualificado e furto qualificado<\/em><\/p>\n\n\n\n<p>A Delegacia de Homic\u00eddios da Capital (DHC) concluiu, nesta ter\u00e7a-feira (26), o inqu\u00e9rito que investigou o\u00a0latroc\u00ednio de Selma Muniz Santos, de 76 anos e de Ant\u00f4nio Sidinei Rocha Santos, de 68 anos. O autor, preso no dia 29 de outubro, foi indiciado por homic\u00eddio qualificado e furto qualificado.<\/p>\n\n\n\n<p>No dia 27 de outubro, as v\u00edtimas foram encontradas mortas na pr\u00f3pria resid\u00eancia, na regi\u00e3o de Portuguesa, na Ilha do Governador, na Zona Norte do Rio.<\/p>\n\n\n\n<p>Na \u00e9poca, segundo a Pol\u00edcia Militar, agentes do 17\u00ba BPM (Ilha do Governador) foram chamados \u00e0 Rua Amanda Guimar\u00e3es, no bairro Portuguesa, para atender a uma ocorr\u00eancia inicialmente tratada como les\u00e3o corporal.&nbsp;<\/p>\n\n\n\n<p>Os agentes analisaram imagens de c\u00e2meras de seguran\u00e7a e verificaram que o autor, de 36 anos, entrou na resid\u00eancia de Selma e de Antonio e saiu cerca de 30 minutos depois.<\/p>\n\n\n\n<p>A companheira do criminoso foi ouvida e reconheceu o homem nas imagens registradas, as roupas usadas por ele e outras caracter\u00edsticas. Uma sobrinha da v\u00edtima tamb\u00e9m reconheceu o acusado. Segundo as investiga\u00e7\u00f5es, ele costumava prestar servi\u00e7os para o casal.<\/p>\n\n\n\n<p><strong><em><sup>S\u00e3o Gon\u00e7alo Vai Mudar. O Maior Portal da Cidade.<\/sup><\/em><\/strong><\/p>\n\n\n\n<figure class=\"wp-block-image size-full\"><img decoding=\"async\" width=\"317\" height=\"111\" src=\"https:\/\/sgvaimudar.com.br\/wp-content\/uploads\/2023\/08\/Logo-Provisoria-2-2.png\" alt=\"\" class=\"wp-image-2781\" srcset=\"https:\/\/sgvaimudar.com.br\/wp-content\/uploads\/2023\/08\/Logo-Provisoria-2-2.png 317w, https:\/\/sgvaimudar.com.br\/wp-content\/uploads\/2023\/08\/Logo-Provisoria-2-2-300x105.png 300w\" sizes=\"(max-width: 317px) 100vw, 317px\" \/><\/figure>\n","protected":false},"excerpt":{"rendered":"<p>O acusado, preso no dia 29 de outubro, responder\u00e1 pelos crimes de homic\u00eddio qualificado e furto qualificado A Delegacia de&hellip;<\/p>\n","protected":false},"author":5,"featured_media":15924,"comment_status":"open","ping_status":"open","sticky":false,"template":"","format":"standard","meta":{"fifu_image_url":"","fifu_image_alt":"","footnotes":""},"categories":[32],"tags":[],"class_list":["post-15923","post","type-post","status-publish","format-standard","has-post-thumbnail","hentry","category-casos-de-policia"],"_links":{"self":[{"href":"https:\/\/sgvaimudar.com.br\/index.php\/wp-json\/wp\/v2\/posts\/15923","targetHints":{"allow":["GET"]}}],"collection":[{"href":"https:\/\/sgvaimudar.com.br\/index.php\/wp-json\/wp\/v2\/posts"}],"about":[{"href":"https:\/\/sgvaimudar.com.br\/index.php\/wp-json\/wp\/v2\/types\/post"}],"author":[{"embeddable":true,"href":"https:\/\/sgvaimudar.com.br\/index.php\/wp-json\/wp\/v2\/users\/5"}],"replies":[{"embeddable":true,"href":"https:\/\/sgvaimudar.com.br\/index.php\/wp-json\/wp\/v2\/comments?post=15923"}],"version-history":[{"count":1,"href":"https:\/\/sgvaimudar.com.br\/index.php\/wp-json\/wp\/v2\/posts\/15923\/revisions"}],"predecessor-version":[{"id":15925,"href":"https:\/\/sgvaimudar.com.br\/index.php\/wp-json\/wp\/v2\/posts\/15923\/revisions\/15925"}],"wp:featuredmedia":[{"embeddable":true,"href":"https:\/\/sgvaimudar.com.br\/index.php\/wp-json\/wp\/v2\/media\/15924"}],"wp:attachment":[{"href":"https:\/\/sgvaimudar.com.br\/index.php\/wp-json\/wp\/v2\/media?parent=15923"}],"wp:term":[{"taxonomy":"category","embeddable":true,"href":"https:\/\/sgvaimudar.com.br\/index.php\/wp-json\/wp\/v2\/categories?post=15923"},{"taxonomy":"post_tag","embeddable":true,"href":"https:\/\/sgvaimudar.com.br\/index.php\/wp-json\/wp\/v2\/tags?post=15923"}],"curies":[{"name":"wp","href":"https:\/\/api.w.org\/{rel}","templated":true}]}}