{"id":15919,"date":"2024-11-27T09:00:00","date_gmt":"2024-11-27T12:00:00","guid":{"rendered":"https:\/\/sgvaimudar.com.br\/?p=15919"},"modified":"2024-11-27T08:38:17","modified_gmt":"2024-11-27T11:38:17","slug":"sao-goncalo-e-referencia-para-ministerio-da-saude-da-colombia","status":"publish","type":"post","link":"https:\/\/sgvaimudar.com.br\/index.php\/2024\/11\/27\/sao-goncalo-e-referencia-para-ministerio-da-saude-da-colombia\/","title":{"rendered":"S\u00e3o Gon\u00e7alo \u00e9 refer\u00eancia para Minist\u00e9rio da Sa\u00fade da Col\u00f4mbia"},"content":{"rendered":"\n<p><em>Comitiva visitou Cl\u00ednica Gon\u00e7alense do Coluband\u00ea para conhecer rede de Aten\u00e7\u00e3o B\u00e1sica<\/em><\/p>\n\n\n\n<p>A nova Cl\u00ednica Municipal Gon\u00e7alense do Coluband\u00ea j\u00e1 tornou-se exemplo de operacionalidade com apenas dez meses de exist\u00eancia. Nesta ter\u00e7a-feira (26), a unidade recebeu visita t\u00e9cnica de uma comitiva do Minist\u00e9rio da Sa\u00fade da Col\u00f4mbia com cerca de 15 diretores de hospitais. Os profissionais puderam conhecer como funciona a rede municipal de sa\u00fade, em especial a Aten\u00e7\u00e3o B\u00e1sica, e puderam tirar v\u00e1rias d\u00favidas.\u00a0\u00a0\u00a0<\/p>\n\n\n\n<figure class=\"wp-block-image size-full\"><img fetchpriority=\"high\" decoding=\"async\" width=\"1024\" height=\"677\" src=\"https:\/\/sgvaimudar.com.br\/wp-content\/uploads\/2024\/11\/unnamed-5-15.jpg\" alt=\"\" class=\"wp-image-15920\" srcset=\"https:\/\/sgvaimudar.com.br\/wp-content\/uploads\/2024\/11\/unnamed-5-15.jpg 1024w, https:\/\/sgvaimudar.com.br\/wp-content\/uploads\/2024\/11\/unnamed-5-15-300x198.jpg 300w, https:\/\/sgvaimudar.com.br\/wp-content\/uploads\/2024\/11\/unnamed-5-15-768x508.jpg 768w\" sizes=\"(max-width: 1024px) 100vw, 1024px\" \/><\/figure>\n\n\n\n<p>\u201c\u00c9 muito gratificante saber que a unidade \u00e9 modelo para o Estado do Rio. Aqui, a gente sabe que tem um servi\u00e7o de Aten\u00e7\u00e3o B\u00e1sica humanizado, com empatia, com acolhimento. Eles ficaram surpresos porque a gente n\u00e3o espera o paciente ficar doente. A gente trabalha com promo\u00e7\u00e3o da sa\u00fade e preven\u00e7\u00e3o das doen\u00e7as e seus agravos. Todo esse trabalho \u00e9 da gest\u00e3o de excel\u00eancia do prefeito Capit\u00e3o Nelson, que vem sendo reconhecido a n\u00edvel estadual e mundial. Isso mostra que o time est\u00e1 coeso, unido em prol dos resultados&#8221;, disse a secret\u00e1ria de Sa\u00fade da Prefeitura de S\u00e3o Gon\u00e7alo, Dra. Bianca Serour.<\/p>\n\n\n\n<p>O subsecret\u00e1rio da Aten\u00e7\u00e3o B\u00e1sica, Gabriel Mello, apresentou como a Aten\u00e7\u00e3o B\u00e1sica funciona com as visitas dos agentes de sa\u00fade \u00e0s resid\u00eancias, as consultas e exames agendados e os encaminhamentos para a rede especializada. Todo o fluxo de como acontece a rede de sa\u00fade municipal. Inclusive com o caminho inverso, quando os pacientes da rede de Urg\u00eancia e Emerg\u00eancia s\u00e3o referenciados para as unidades de aten\u00e7\u00e3o prim\u00e1ria.\u00a0<\/p>\n\n\n\n<p>A cl\u00ednica \u00e9 refer\u00eancia para pacientes que foram atendidos nas emerg\u00eancias do Pronto Socorro Central (PSC), no Z\u00e9 Garoto, e Hospital Estadual Alberto Torres (Heat), tamb\u00e9m no Coluband\u00ea, ap\u00f3s passarem por cirurgias ortop\u00e9dicas e necessitarem de reabilita\u00e7\u00e3o. Na cl\u00ednica, eles t\u00eam acesso \u00e0s consultas com ortopedistas e traumatologistas e tratamentos de fisioterapia.<\/p>\n\n\n\n<p>\u201cO que eu achei interessante \u00e9 que fomos escolhidos em todo o Estado como unidade b\u00e1sica de sa\u00fade refer\u00eancia. Isso \u00e9 muito gratificante para a gente e \u00e9 ter certeza de que nosso trabalho est\u00e1 sendo realizado com muita dedica\u00e7\u00e3o\u201d, finalizou o subsecret\u00e1rio.&nbsp;<\/p>\n\n\n\n<p>A visita foi intermediada pela Secretaria de Estado de Sa\u00fade. O objetivo dos colombianos \u00e9 implantar a rede b\u00e1sica de sa\u00fade em seu pa\u00eds, que s\u00f3 conta com unidade de urg\u00eancia e emerg\u00eancia gratuita e n\u00e3o tem um sistema de sa\u00fade integrado como o Sistema \u00danico de Sa\u00fade (SUS).\u00a0\u00a0<\/p>\n\n\n\n<p><em>Foto: Luiz Carvalho<\/em><\/p>\n\n\n\n<p><strong><em><sup>S\u00e3o Gon\u00e7alo Vai Mudar. O Maior Portal da Cidade.<\/sup><\/em><\/strong><\/p>\n\n\n\n<figure class=\"wp-block-image size-full\"><img decoding=\"async\" width=\"317\" height=\"111\" src=\"https:\/\/sgvaimudar.com.br\/wp-content\/uploads\/2023\/08\/Logo-Provisoria-2-2.png\" alt=\"\" class=\"wp-image-2781\" srcset=\"https:\/\/sgvaimudar.com.br\/wp-content\/uploads\/2023\/08\/Logo-Provisoria-2-2.png 317w, https:\/\/sgvaimudar.com.br\/wp-content\/uploads\/2023\/08\/Logo-Provisoria-2-2-300x105.png 300w\" sizes=\"(max-width: 317px) 100vw, 317px\" \/><\/figure>\n","protected":false},"excerpt":{"rendered":"<p>Comitiva visitou Cl\u00ednica Gon\u00e7alense do Coluband\u00ea para conhecer rede de Aten\u00e7\u00e3o B\u00e1sica A nova Cl\u00ednica Municipal Gon\u00e7alense do Coluband\u00ea j\u00e1&hellip;<\/p>\n","protected":false},"author":5,"featured_media":15921,"comment_status":"open","ping_status":"open","sticky":false,"template":"","format":"standard","meta":{"fifu_image_url":"","fifu_image_alt":"","footnotes":""},"categories":[7],"tags":[],"class_list":["post-15919","post","type-post","status-publish","format-standard","has-post-thumbnail","hentry","category-saude"],"_links":{"self":[{"href":"https:\/\/sgvaimudar.com.br\/index.php\/wp-json\/wp\/v2\/posts\/15919","targetHints":{"allow":["GET"]}}],"collection":[{"href":"https:\/\/sgvaimudar.com.br\/index.php\/wp-json\/wp\/v2\/posts"}],"about":[{"href":"https:\/\/sgvaimudar.com.br\/index.php\/wp-json\/wp\/v2\/types\/post"}],"author":[{"embeddable":true,"href":"https:\/\/sgvaimudar.com.br\/index.php\/wp-json\/wp\/v2\/users\/5"}],"replies":[{"embeddable":true,"href":"https:\/\/sgvaimudar.com.br\/index.php\/wp-json\/wp\/v2\/comments?post=15919"}],"version-history":[{"count":1,"href":"https:\/\/sgvaimudar.com.br\/index.php\/wp-json\/wp\/v2\/posts\/15919\/revisions"}],"predecessor-version":[{"id":15922,"href":"https:\/\/sgvaimudar.com.br\/index.php\/wp-json\/wp\/v2\/posts\/15919\/revisions\/15922"}],"wp:featuredmedia":[{"embeddable":true,"href":"https:\/\/sgvaimudar.com.br\/index.php\/wp-json\/wp\/v2\/media\/15921"}],"wp:attachment":[{"href":"https:\/\/sgvaimudar.com.br\/index.php\/wp-json\/wp\/v2\/media?parent=15919"}],"wp:term":[{"taxonomy":"category","embeddable":true,"href":"https:\/\/sgvaimudar.com.br\/index.php\/wp-json\/wp\/v2\/categories?post=15919"},{"taxonomy":"post_tag","embeddable":true,"href":"https:\/\/sgvaimudar.com.br\/index.php\/wp-json\/wp\/v2\/tags?post=15919"}],"curies":[{"name":"wp","href":"https:\/\/api.w.org\/{rel}","templated":true}]}}