{"id":15856,"date":"2024-11-26T09:55:46","date_gmt":"2024-11-26T12:55:46","guid":{"rendered":"https:\/\/sgvaimudar.com.br\/?p=15856"},"modified":"2024-11-26T09:55:47","modified_gmt":"2024-11-26T12:55:47","slug":"prefeitura-abre-inscricoes-para-cursos-de-panificacao-e-de-confeitaria","status":"publish","type":"post","link":"https:\/\/sgvaimudar.com.br\/index.php\/2024\/11\/26\/prefeitura-abre-inscricoes-para-cursos-de-panificacao-e-de-confeitaria\/","title":{"rendered":"Prefeitura abre inscri\u00e7\u00f5es para cursos de panifica\u00e7\u00e3o e de confeitaria"},"content":{"rendered":"\n<p><em>Aulas ter\u00e3o in\u00edcio em fevereiro de 2025, com dura\u00e7\u00e3o de quatro meses<\/em><\/p>\n\n\n\n<p>Est\u00e3o abertas, a partir desta segunda-feira (25), as inscri\u00e7\u00f5es para as quatro novas turmas do IX Ciclo do Curso de Panifica\u00e7\u00e3o B\u00e1sica na Padaria Escola. Al\u00e9m delas, S\u00e3o Gon\u00e7alo ir\u00e1 oferecer uma novidade: ter\u00e3o in\u00edcio tamb\u00e9m as aulas do I Ciclo do Curso de Confeitaria B\u00e1sica na Padaria Escola. Ambos os cursos est\u00e3o previstos para iniciarem em fevereiro de 2025, com dura\u00e7\u00e3o de quatro meses.<\/p>\n\n\n\n<p>As inscri\u00e7\u00f5es estar\u00e3o abertas at\u00e9 o dia 10 de dezembro. Os interessados podem se inscrever atrav\u00e9s de um formul\u00e1rio online pelo link:&nbsp;<a href=\"https:\/\/click.cse360.com.br\/Click\/AddCampaignEmailClick\/c0ba83d0-acb0-43bf-1d75-08dcfe412fe3\/https%253a%252f%252fdocs.google.com%252fforms%252fu%252f0%252fd%252fe%252f1FAIpQLSdFxzSOOzTSdTtAoHWxubyFBwzQMjLH8cAPzXzSrG8eppO9Mg%252fviewform%253fusp%253dsf_link%2526pli%253d1\/ac66966e-2b55-4484-fb2c-08dc491eed5f\/jornalistaws@gmail.com\/False\" rel=\"noreferrer noopener\" target=\"_blank\">https:\/\/docs.google.com\/forms\/u\/0\/d\/e\/1FAIpQLSdFxzSOOzTSdTtAoHWxubyFBwzQMjLH8cAPzXzSrG8eppO9Mg\/viewform?usp=sf_link&amp;pli=1<\/a>&nbsp;ou presencialmente \u00e0s segundas e ter\u00e7as, das 8h \u00e0s 16h, no CRAS de Vista Alegre.<\/p>\n\n\n\n<p>Os cursos s\u00e3o promovidos pela Prefeitura de S\u00e3o Gon\u00e7alo, por meio da Secretaria de Assist\u00eancia Social, atrav\u00e9s da Subsecretaria de Prote\u00e7\u00e3o Social B\u00e1sica, em parceria com o Programa Nacional de Promo\u00e7\u00e3o ao Acesso ao Mundo do Trabalho (Acessuas), do Governo Federal.<\/p>\n\n\n\n<p>O projeto da Padaria Escola \u2013 que teve in\u00edcio em 2004, mas encerrou suas atividades em 2014 \u2013 foi retomado no primeiro ano da gest\u00e3o do prefeito Capit\u00e3o Nelson, em 2021, ap\u00f3s passar por uma reformula\u00e7\u00e3o para melhor atender os participantes. Desde a reformula\u00e7\u00e3o, mais de 400 novos padeiros foram formados.<\/p>\n\n\n\n<p>As aulas do curso de panifica\u00e7\u00e3o b\u00e1sica ocorrer\u00e3o \u00e0s segundas e ter\u00e7as, com turmas no hor\u00e1rios no per\u00edodo da manh\u00e3 (9h \u00e0s 12h) e no per\u00edodo da tarde (das 13h \u00e0s 16h). J\u00e1 o curso de confeitaria, ter\u00e1 aulas \u00e0s quartas e quintas, com turmas no hor\u00e1rios no per\u00edodo da manh\u00e3 (9h \u00e0s 12h) e no per\u00edodo da tarde (das 13h \u00e0s 16h).<\/p>\n\n\n\n<p>Os interessados devem ter entre 16 anos at\u00e9 64 anos, residir em S\u00e3o Gon\u00e7alo e possuir um N\u00famero de Identifica\u00e7\u00e3o Social (NIS) do Cadastro \u00danico para Programas Sociais do Governo Federal.<\/p>\n\n\n\n<p><em>Foto: Renan Otto<\/em><\/p>\n\n\n\n<p><strong><em><sup>S\u00e3o Gon\u00e7alo Vai Mudar. O Maior Portal da Cidade.<\/sup><\/em><\/strong><\/p>\n\n\n\n<figure class=\"wp-block-image size-full\"><img decoding=\"async\" width=\"317\" height=\"111\" src=\"https:\/\/sgvaimudar.com.br\/wp-content\/uploads\/2023\/08\/Logo-Provisoria-2-2.png\" alt=\"\" class=\"wp-image-2781\" srcset=\"https:\/\/sgvaimudar.com.br\/wp-content\/uploads\/2023\/08\/Logo-Provisoria-2-2.png 317w, https:\/\/sgvaimudar.com.br\/wp-content\/uploads\/2023\/08\/Logo-Provisoria-2-2-300x105.png 300w\" sizes=\"(max-width: 317px) 100vw, 317px\" \/><\/figure>\n","protected":false},"excerpt":{"rendered":"<p>Aulas ter\u00e3o in\u00edcio em fevereiro de 2025, com dura\u00e7\u00e3o de quatro meses Est\u00e3o abertas, a partir desta segunda-feira (25), as&hellip;<\/p>\n","protected":false},"author":5,"featured_media":15857,"comment_status":"open","ping_status":"open","sticky":false,"template":"","format":"standard","meta":{"fifu_image_url":"","fifu_image_alt":"","footnotes":""},"categories":[3],"tags":[],"class_list":["post-15856","post","type-post","status-publish","format-standard","has-post-thumbnail","hentry","category-sao-goncalo"],"_links":{"self":[{"href":"https:\/\/sgvaimudar.com.br\/index.php\/wp-json\/wp\/v2\/posts\/15856","targetHints":{"allow":["GET"]}}],"collection":[{"href":"https:\/\/sgvaimudar.com.br\/index.php\/wp-json\/wp\/v2\/posts"}],"about":[{"href":"https:\/\/sgvaimudar.com.br\/index.php\/wp-json\/wp\/v2\/types\/post"}],"author":[{"embeddable":true,"href":"https:\/\/sgvaimudar.com.br\/index.php\/wp-json\/wp\/v2\/users\/5"}],"replies":[{"embeddable":true,"href":"https:\/\/sgvaimudar.com.br\/index.php\/wp-json\/wp\/v2\/comments?post=15856"}],"version-history":[{"count":1,"href":"https:\/\/sgvaimudar.com.br\/index.php\/wp-json\/wp\/v2\/posts\/15856\/revisions"}],"predecessor-version":[{"id":15858,"href":"https:\/\/sgvaimudar.com.br\/index.php\/wp-json\/wp\/v2\/posts\/15856\/revisions\/15858"}],"wp:featuredmedia":[{"embeddable":true,"href":"https:\/\/sgvaimudar.com.br\/index.php\/wp-json\/wp\/v2\/media\/15857"}],"wp:attachment":[{"href":"https:\/\/sgvaimudar.com.br\/index.php\/wp-json\/wp\/v2\/media?parent=15856"}],"wp:term":[{"taxonomy":"category","embeddable":true,"href":"https:\/\/sgvaimudar.com.br\/index.php\/wp-json\/wp\/v2\/categories?post=15856"},{"taxonomy":"post_tag","embeddable":true,"href":"https:\/\/sgvaimudar.com.br\/index.php\/wp-json\/wp\/v2\/tags?post=15856"}],"curies":[{"name":"wp","href":"https:\/\/api.w.org\/{rel}","templated":true}]}}