{"id":15825,"date":"2024-11-25T19:00:00","date_gmt":"2024-11-25T22:00:00","guid":{"rendered":"https:\/\/sgvaimudar.com.br\/?p=15825"},"modified":"2024-11-25T11:26:38","modified_gmt":"2024-11-25T14:26:38","slug":"igreja-batista-da-lagoinha-toma-atitude-contra-ana-paula-valadao-apos-censura-e-polemica-familiar","status":"publish","type":"post","link":"https:\/\/sgvaimudar.com.br\/index.php\/2024\/11\/25\/igreja-batista-da-lagoinha-toma-atitude-contra-ana-paula-valadao-apos-censura-e-polemica-familiar\/","title":{"rendered":"Igreja Batista da Lagoinha toma atitude contra Ana Paula Valad\u00e3o ap\u00f3s censura e pol\u00eamica familiar"},"content":{"rendered":"\n<p><em>Disputa pelo nome &#8216;Lagoinha&#8217; colocou os irm\u00e3os Mariana, Andr\u00e9 e Ana Paula Valad\u00e3o em lados opostos<\/em><\/p>\n\n\n\n<p>A briga na fam\u00edlia Valad\u00e3o, da Igreja Batista da Lagoinha, n\u00e3o para de ganhar novos desdobramentos. Ana Paula Valad\u00e3o parece ter recebido uma leve, por\u00e9m, incisiva repres\u00e1lia ap\u00f3s fazer um protesto que mais pareceu uma indireta ao irm\u00e3o, Andr\u00e9 Valad\u00e3o, no p\u00falpito de uma igreja.<\/p>\n\n\n\n<p>Segundo a colunista F\u00e1bia Oliveira, do portal Metr\u00f3poles, o perfil da igreja deixou de seguir Ana Paula no Instagram ap\u00f3s o in\u00edcio da briga familiar. A religiosa ainda n\u00e3o se manifestou sobre o fato de ter sido exclu\u00edda, o famoso unfollow.<\/p>\n\n\n\n<p>Andr\u00e9 processou o cunhado, Felippe, marido de Mariana Valad\u00e3o, para impedi-lo de usar a marca &#8220;Lagoinha&#8221; nas igrejas que comanda em Niter\u00f3i, no Rio de Janeiro. Ana Paula se manifestou publicamente a favor da irm\u00e3, indicando de qual lado est\u00e1 no imbr\u00f3glio.<\/p>\n\n\n\n<p>O unfollow em Ana Paula repercutiu na ter\u00e7a-feira (19), ap\u00f3s acusa\u00e7\u00f5es de que ela havia sido censurada pela igreja comandada pelo Andr\u00e9. O discurso que a pastora fez em meio a choro e gritos foi retirado do ar sem nenhuma explica\u00e7\u00e3o.<\/p>\n\n\n\n<p>&#8220;Eu t\u00f4 muito brava. Mas eu j\u00e1 sou m\u00e3e e eu n\u00e3o sou m\u00e3e de filho pequeno. Eu sou m\u00e3e de voc\u00eas. Eu sou m\u00e3e dessa casa! Eu sou m\u00e3e dessa cidade! Eu sou m\u00e3e dessa na\u00e7\u00e3o! Tem um ba\u00fa de tesouro que eu enterrei aqui, de \u00f3leo caro, de perfume precioso. Tem as minhas cinzas aqui queimadas. E eu desafio qualquer pessoa que me questione porque eu carrego essas marcas. O que \u00e9 que est\u00e3o fazendo?&#8221;, disse Ana Paula diante dos fieis.<\/p>\n\n\n\n<p>O marido de Ana Paula, Gustavo Bessa, se manifestou publicamente e insinuou uma tentativa de boicote. &#8220;A mensagem foi poderosa, confrontadora e de sacudir os alicerces. Mas cortaram a transmiss\u00e3o e deletaram a mensagem. Tempos estranhos&#8221;, disparou o pastor.<\/p>\n\n\n\n<p>Fundada nos anos 1950, a Lagoinha ganhou popularidade a partir da d\u00e9cada de 1970, depois que M\u00e1rcio Valad\u00e3o assumiu a presid\u00eancia. Pai de tr\u00eas filhos, ele deixou o cargo em 2022 e passou o bast\u00e3o para Andr\u00e9, que acumula uma s\u00e9rie de pol\u00eamicas, inclusive, de cunho homof\u00f3bico.<\/p>\n\n\n\n<p><strong><em><sup>S\u00e3o Gon\u00e7alo Vai Mudar. O Maior Portal da Cidade.<\/sup><\/em><\/strong><\/p>\n\n\n\n<figure class=\"wp-block-image size-full\"><img decoding=\"async\" width=\"317\" height=\"111\" src=\"https:\/\/sgvaimudar.com.br\/wp-content\/uploads\/2023\/08\/Logo-Provisoria-2-2.png\" alt=\"\" class=\"wp-image-2781\" srcset=\"https:\/\/sgvaimudar.com.br\/wp-content\/uploads\/2023\/08\/Logo-Provisoria-2-2.png 317w, https:\/\/sgvaimudar.com.br\/wp-content\/uploads\/2023\/08\/Logo-Provisoria-2-2-300x105.png 300w\" sizes=\"(max-width: 317px) 100vw, 317px\" \/><\/figure>\n","protected":false},"excerpt":{"rendered":"<p>Disputa pelo nome &#8216;Lagoinha&#8217; colocou os irm\u00e3os Mariana, Andr\u00e9 e Ana Paula Valad\u00e3o em lados opostos A briga na fam\u00edlia&hellip;<\/p>\n","protected":false},"author":5,"featured_media":15826,"comment_status":"open","ping_status":"open","sticky":false,"template":"","format":"standard","meta":{"fifu_image_url":"","fifu_image_alt":"","footnotes":""},"categories":[32],"tags":[],"class_list":["post-15825","post","type-post","status-publish","format-standard","has-post-thumbnail","hentry","category-casos-de-policia"],"_links":{"self":[{"href":"https:\/\/sgvaimudar.com.br\/index.php\/wp-json\/wp\/v2\/posts\/15825","targetHints":{"allow":["GET"]}}],"collection":[{"href":"https:\/\/sgvaimudar.com.br\/index.php\/wp-json\/wp\/v2\/posts"}],"about":[{"href":"https:\/\/sgvaimudar.com.br\/index.php\/wp-json\/wp\/v2\/types\/post"}],"author":[{"embeddable":true,"href":"https:\/\/sgvaimudar.com.br\/index.php\/wp-json\/wp\/v2\/users\/5"}],"replies":[{"embeddable":true,"href":"https:\/\/sgvaimudar.com.br\/index.php\/wp-json\/wp\/v2\/comments?post=15825"}],"version-history":[{"count":1,"href":"https:\/\/sgvaimudar.com.br\/index.php\/wp-json\/wp\/v2\/posts\/15825\/revisions"}],"predecessor-version":[{"id":15827,"href":"https:\/\/sgvaimudar.com.br\/index.php\/wp-json\/wp\/v2\/posts\/15825\/revisions\/15827"}],"wp:featuredmedia":[{"embeddable":true,"href":"https:\/\/sgvaimudar.com.br\/index.php\/wp-json\/wp\/v2\/media\/15826"}],"wp:attachment":[{"href":"https:\/\/sgvaimudar.com.br\/index.php\/wp-json\/wp\/v2\/media?parent=15825"}],"wp:term":[{"taxonomy":"category","embeddable":true,"href":"https:\/\/sgvaimudar.com.br\/index.php\/wp-json\/wp\/v2\/categories?post=15825"},{"taxonomy":"post_tag","embeddable":true,"href":"https:\/\/sgvaimudar.com.br\/index.php\/wp-json\/wp\/v2\/tags?post=15825"}],"curies":[{"name":"wp","href":"https:\/\/api.w.org\/{rel}","templated":true}]}}