{"id":15808,"date":"2024-11-25T11:00:00","date_gmt":"2024-11-25T14:00:00","guid":{"rendered":"https:\/\/sgvaimudar.com.br\/?p=15808"},"modified":"2024-11-25T10:40:07","modified_gmt":"2024-11-25T13:40:07","slug":"praca-da-trindade-celebra-a-magia-do-natal","status":"publish","type":"post","link":"https:\/\/sgvaimudar.com.br\/index.php\/2024\/11\/25\/praca-da-trindade-celebra-a-magia-do-natal\/","title":{"rendered":"Pra\u00e7a da Trindade celebra a magia do Natal"},"content":{"rendered":"\n<p><em>Prefeitura e Sesc promovem evento na noite desta sexta-feira (29)<\/em><\/p>\n\n\n\n<p>A Prefeitura de S\u00e3o Gon\u00e7alo e o Sesc, na pr\u00f3xima sexta-feira (29\/11), promovem uma festa natalina, com uma celebra\u00e7\u00e3o para toda a popula\u00e7\u00e3o, trazendo a magia desta data especial para a Pra\u00e7a Leonor Corr\u00eaa, a popular Pra\u00e7a da Trindade. A \u00e1rea de lazer vai ganhar uma \u00e1rvore de Natal, que ser\u00e1 acesa em meio a m\u00fasica de qualidade, com a Orquestra Municipal de S\u00e3o Gon\u00e7alo.<\/p>\n\n\n\n<figure class=\"wp-block-image size-large\"><img fetchpriority=\"high\" decoding=\"async\" width=\"1024\" height=\"768\" src=\"https:\/\/sgvaimudar.com.br\/wp-content\/uploads\/2024\/11\/unnamed-12-3-1024x768.jpg\" alt=\"\" class=\"wp-image-15809\" srcset=\"https:\/\/sgvaimudar.com.br\/wp-content\/uploads\/2024\/11\/unnamed-12-3-1024x768.jpg 1024w, https:\/\/sgvaimudar.com.br\/wp-content\/uploads\/2024\/11\/unnamed-12-3-300x225.jpg 300w, https:\/\/sgvaimudar.com.br\/wp-content\/uploads\/2024\/11\/unnamed-12-3-768x576.jpg 768w, https:\/\/sgvaimudar.com.br\/wp-content\/uploads\/2024\/11\/unnamed-12-3-1536x1152.jpg 1536w, https:\/\/sgvaimudar.com.br\/wp-content\/uploads\/2024\/11\/unnamed-12-3-2048x1536.jpg 2048w\" sizes=\"(max-width: 1024px) 100vw, 1024px\" \/><\/figure>\n\n\n\n<p>O Natal da Gente ser\u00e1 uma noite memor\u00e1vel para a cidade, com atra\u00e7\u00f5es para toda a fam\u00edlia gon\u00e7alense, que poder\u00e1 ter uma noite de lazer totalmente gratuita. A pra\u00e7a vai receber decora\u00e7\u00e3o, al\u00e9m de uma grandiosa \u00e1rvore de Natal, com 23 metros de altura, que promete fazer sucesso com os visitantes. A montagem da decora\u00e7\u00e3o e da \u00e1rvore j\u00e1 foi iniciada.<\/p>\n\n\n\n<p>Sob a reg\u00eancia do maestro Paulo Guarany, a Orquestra Municipal de S\u00e3o Gon\u00e7alo far\u00e1 uma apresenta\u00e7\u00e3o especial, com um repert\u00f3rio composto de can\u00e7\u00f5es populares e natalinas que ir\u00e3o emocionar o p\u00fablico. As crian\u00e7as tamb\u00e9m ter\u00e3o sua divers\u00e3o garantida com um show de m\u00e1gica que vai impressionar os pequenos.<\/p>\n\n\n\n<p>E, como n\u00e3o poderia faltar em uma celebra\u00e7\u00e3o de Natal, o ponto alto da noite ser\u00e1 a chegada do Papai Noel e inaugura\u00e7\u00e3o da \u00e1rvore.<\/p>\n\n\n\n<p>A escolha da Pra\u00e7a da Trindade para receber a festa foi cuidadosamente pensada por sua posi\u00e7\u00e3o, em uma \u00e1rea com grande movimenta\u00e7\u00e3o de p\u00fablico e com\u00e9rcio variado, em especial as lanchonetes e food trucks, que tornaram o local conhecido pela variedade gastron\u00f4mica na cidade.<\/p>\n\n\n\n<p><strong>Natal da Gente na Pra\u00e7a da Trindade<\/strong><\/p>\n\n\n\n<p>Pra\u00e7a Leonor Corr\u00eaa (Pra\u00e7a da Trindade)<\/p>\n\n\n\n<p>Endere\u00e7o: Avenida S\u00e3o Paulo, sem n\u00famero, Trindade. Hor\u00e1rio: 19h. Entrada gratuita.<\/p>\n\n\n\n<p><strong><em><sup>S\u00e3o Gon\u00e7alo Vai Mudar. O Maior Portal da Cidade.<\/sup><\/em><\/strong><\/p>\n\n\n\n<figure class=\"wp-block-image size-full\"><img decoding=\"async\" width=\"317\" height=\"111\" src=\"https:\/\/sgvaimudar.com.br\/wp-content\/uploads\/2023\/08\/Logo-Provisoria-2-2.png\" alt=\"\" class=\"wp-image-2781\" srcset=\"https:\/\/sgvaimudar.com.br\/wp-content\/uploads\/2023\/08\/Logo-Provisoria-2-2.png 317w, https:\/\/sgvaimudar.com.br\/wp-content\/uploads\/2023\/08\/Logo-Provisoria-2-2-300x105.png 300w\" sizes=\"(max-width: 317px) 100vw, 317px\" \/><\/figure>\n","protected":false},"excerpt":{"rendered":"<p>Prefeitura e Sesc promovem evento na noite desta sexta-feira (29) A Prefeitura de S\u00e3o Gon\u00e7alo e o Sesc, na pr\u00f3xima&hellip;<\/p>\n","protected":false},"author":5,"featured_media":15810,"comment_status":"open","ping_status":"open","sticky":false,"template":"","format":"standard","meta":{"fifu_image_url":"","fifu_image_alt":"","footnotes":""},"categories":[3],"tags":[],"class_list":["post-15808","post","type-post","status-publish","format-standard","has-post-thumbnail","hentry","category-sao-goncalo"],"_links":{"self":[{"href":"https:\/\/sgvaimudar.com.br\/index.php\/wp-json\/wp\/v2\/posts\/15808","targetHints":{"allow":["GET"]}}],"collection":[{"href":"https:\/\/sgvaimudar.com.br\/index.php\/wp-json\/wp\/v2\/posts"}],"about":[{"href":"https:\/\/sgvaimudar.com.br\/index.php\/wp-json\/wp\/v2\/types\/post"}],"author":[{"embeddable":true,"href":"https:\/\/sgvaimudar.com.br\/index.php\/wp-json\/wp\/v2\/users\/5"}],"replies":[{"embeddable":true,"href":"https:\/\/sgvaimudar.com.br\/index.php\/wp-json\/wp\/v2\/comments?post=15808"}],"version-history":[{"count":1,"href":"https:\/\/sgvaimudar.com.br\/index.php\/wp-json\/wp\/v2\/posts\/15808\/revisions"}],"predecessor-version":[{"id":15811,"href":"https:\/\/sgvaimudar.com.br\/index.php\/wp-json\/wp\/v2\/posts\/15808\/revisions\/15811"}],"wp:featuredmedia":[{"embeddable":true,"href":"https:\/\/sgvaimudar.com.br\/index.php\/wp-json\/wp\/v2\/media\/15810"}],"wp:attachment":[{"href":"https:\/\/sgvaimudar.com.br\/index.php\/wp-json\/wp\/v2\/media?parent=15808"}],"wp:term":[{"taxonomy":"category","embeddable":true,"href":"https:\/\/sgvaimudar.com.br\/index.php\/wp-json\/wp\/v2\/categories?post=15808"},{"taxonomy":"post_tag","embeddable":true,"href":"https:\/\/sgvaimudar.com.br\/index.php\/wp-json\/wp\/v2\/tags?post=15808"}],"curies":[{"name":"wp","href":"https:\/\/api.w.org\/{rel}","templated":true}]}}