{"id":15792,"date":"2024-11-25T11:45:00","date_gmt":"2024-11-25T14:45:00","guid":{"rendered":"https:\/\/sgvaimudar.com.br\/?p=15792"},"modified":"2024-11-25T09:29:23","modified_gmt":"2024-11-25T12:29:23","slug":"principio-de-incendio-atinge-centro-comercial-em-icarai-niteroi","status":"publish","type":"post","link":"https:\/\/sgvaimudar.com.br\/index.php\/2024\/11\/25\/principio-de-incendio-atinge-centro-comercial-em-icarai-niteroi\/","title":{"rendered":"Princ\u00edpio de inc\u00eandio atinge centro comercial em Icara\u00ed, Niter\u00f3i"},"content":{"rendered":"\n<p><em>Princ\u00edpio de inc\u00eandio atinge centro comercial em Icara\u00ed. Comerciantes controlam o fogo antes da chegada dos bombeiros<\/em><\/p>\n\n\n\n<p>Na manh\u00e3 desta segunda-feira (25), um\u00a0princ\u00edpio de inc\u00eandio\u00a0atingiu o quadro de rel\u00f3gios de luz de um pequeno\u00a0Centro Comercial, localizado no in\u00edcio da\u00a0Rua Jo\u00e3o Pessoa, pr\u00f3ximo \u00e0\u00a0Rua Ary Parreiras, no bairro\u00a0Icara\u00ed, na Zona Sul de Niter\u00f3i.<\/p>\n\n\n\n<p>O\u00a0Corpo de Bombeiros\u00a0foi acionado para atender a ocorr\u00eancia, mas, ao chegar no local, constatou que o fogo j\u00e1 havia sido controlado pelos pr\u00f3prios comerciantes presentes.<\/p>\n\n\n\n<p>De acordo com relatos de moradores da regi\u00e3o, esta n\u00e3o foi a primeira vez que uma situa\u00e7\u00e3o semelhante ocorreu no local. Um morador relatou que o cheiro de queimado foi t\u00e3o forte que se espalhou pelas redondezas, causando preocupa\u00e7\u00e3o entre os moradores.\u00a0<\/p>\n\n\n\n<p>O quadro de rel\u00f3gios de energia el\u00e9trica do estabelecimento fica na rua, exposto, com seu emaranhado de fios na parede externa.\u00a0Apesar do susto,\u00a0ningu\u00e9m ficou ferido\u00a0durante o incidente.<\/p>\n\n\n\n<p><em>Fonte: cidadedeniteroi.com<\/em><\/p>\n\n\n\n<figure class=\"wp-block-image size-full\"><img decoding=\"async\" width=\"317\" height=\"111\" src=\"https:\/\/sgvaimudar.com.br\/wp-content\/uploads\/2023\/08\/Logo-Provisoria-2-2.png\" alt=\"\" class=\"wp-image-2781\" srcset=\"https:\/\/sgvaimudar.com.br\/wp-content\/uploads\/2023\/08\/Logo-Provisoria-2-2.png 317w, https:\/\/sgvaimudar.com.br\/wp-content\/uploads\/2023\/08\/Logo-Provisoria-2-2-300x105.png 300w\" sizes=\"(max-width: 317px) 100vw, 317px\" \/><\/figure>\n","protected":false},"excerpt":{"rendered":"<p>Princ\u00edpio de inc\u00eandio atinge centro comercial em Icara\u00ed. Comerciantes controlam o fogo antes da chegada dos bombeiros Na manh\u00e3 desta&hellip;<\/p>\n","protected":false},"author":5,"featured_media":15794,"comment_status":"open","ping_status":"open","sticky":false,"template":"","format":"standard","meta":{"fifu_image_url":"","fifu_image_alt":"","footnotes":""},"categories":[32],"tags":[],"class_list":["post-15792","post","type-post","status-publish","format-standard","has-post-thumbnail","hentry","category-casos-de-policia"],"_links":{"self":[{"href":"https:\/\/sgvaimudar.com.br\/index.php\/wp-json\/wp\/v2\/posts\/15792","targetHints":{"allow":["GET"]}}],"collection":[{"href":"https:\/\/sgvaimudar.com.br\/index.php\/wp-json\/wp\/v2\/posts"}],"about":[{"href":"https:\/\/sgvaimudar.com.br\/index.php\/wp-json\/wp\/v2\/types\/post"}],"author":[{"embeddable":true,"href":"https:\/\/sgvaimudar.com.br\/index.php\/wp-json\/wp\/v2\/users\/5"}],"replies":[{"embeddable":true,"href":"https:\/\/sgvaimudar.com.br\/index.php\/wp-json\/wp\/v2\/comments?post=15792"}],"version-history":[{"count":1,"href":"https:\/\/sgvaimudar.com.br\/index.php\/wp-json\/wp\/v2\/posts\/15792\/revisions"}],"predecessor-version":[{"id":15795,"href":"https:\/\/sgvaimudar.com.br\/index.php\/wp-json\/wp\/v2\/posts\/15792\/revisions\/15795"}],"wp:featuredmedia":[{"embeddable":true,"href":"https:\/\/sgvaimudar.com.br\/index.php\/wp-json\/wp\/v2\/media\/15794"}],"wp:attachment":[{"href":"https:\/\/sgvaimudar.com.br\/index.php\/wp-json\/wp\/v2\/media?parent=15792"}],"wp:term":[{"taxonomy":"category","embeddable":true,"href":"https:\/\/sgvaimudar.com.br\/index.php\/wp-json\/wp\/v2\/categories?post=15792"},{"taxonomy":"post_tag","embeddable":true,"href":"https:\/\/sgvaimudar.com.br\/index.php\/wp-json\/wp\/v2\/tags?post=15792"}],"curies":[{"name":"wp","href":"https:\/\/api.w.org\/{rel}","templated":true}]}}