{"id":15768,"date":"2024-11-24T11:45:00","date_gmt":"2024-11-24T14:45:00","guid":{"rendered":"https:\/\/sgvaimudar.com.br\/?p=15768"},"modified":"2024-11-24T06:35:31","modified_gmt":"2024-11-24T09:35:31","slug":"policia-civil-prende-em-marica-homem-acusado-de-roubo-receptacao-e-porte-ilegal-de-arma-de-fogo","status":"publish","type":"post","link":"https:\/\/sgvaimudar.com.br\/index.php\/2024\/11\/24\/policia-civil-prende-em-marica-homem-acusado-de-roubo-receptacao-e-porte-ilegal-de-arma-de-fogo\/","title":{"rendered":"Pol\u00edcia Civil prende em Maric\u00e1 homem acusado de roubo, recepta\u00e7\u00e3o e porte ilegal de arma de fogo"},"content":{"rendered":"\n<p>Policiais civis da Delegacia de Crimes Raciais e Delitos de Intoler\u00e2ncia (Decradi) prenderam, nesta quinta-feira (21\/11), um homem acusado de roubo qualificado, recepta\u00e7\u00e3o e porte ilegal de arma de fogo. Ele foi capturado no bairro de Ino\u00e3, no munic\u00edpio de Maric\u00e1, Regi\u00e3o Metropolitana do Rio.<\/p>\n\n\n\n<p>A pris\u00e3o ocorreu ap\u00f3s monitoramento do Setor de Intelig\u00eancia da unidade. Ele foi detido e conduzido \u00e0 delegacia. Contra ele, os agentes cumpriram um mandado de pris\u00e3o preventiva.<\/p>\n\n\n\n<p><strong><em><sup>S\u00e3o Gon\u00e7alo Vai Mudar. O Maior Portal da Cidade.<\/sup><\/em><\/strong><\/p>\n\n\n\n<figure class=\"wp-block-image size-full\"><img decoding=\"async\" width=\"317\" height=\"111\" src=\"https:\/\/sgvaimudar.com.br\/wp-content\/uploads\/2023\/08\/Logo-Provisoria-2-2.png\" alt=\"\" class=\"wp-image-2781\" srcset=\"https:\/\/sgvaimudar.com.br\/wp-content\/uploads\/2023\/08\/Logo-Provisoria-2-2.png 317w, https:\/\/sgvaimudar.com.br\/wp-content\/uploads\/2023\/08\/Logo-Provisoria-2-2-300x105.png 300w\" sizes=\"(max-width: 317px) 100vw, 317px\" \/><\/figure>\n","protected":false},"excerpt":{"rendered":"<p>Policiais civis da Delegacia de Crimes Raciais e Delitos de Intoler\u00e2ncia (Decradi) prenderam, nesta quinta-feira (21\/11), um homem acusado de&hellip;<\/p>\n","protected":false},"author":5,"featured_media":15769,"comment_status":"open","ping_status":"open","sticky":false,"template":"","format":"standard","meta":{"fifu_image_url":"","fifu_image_alt":"","footnotes":""},"categories":[32],"tags":[],"class_list":["post-15768","post","type-post","status-publish","format-standard","has-post-thumbnail","hentry","category-casos-de-policia"],"_links":{"self":[{"href":"https:\/\/sgvaimudar.com.br\/index.php\/wp-json\/wp\/v2\/posts\/15768","targetHints":{"allow":["GET"]}}],"collection":[{"href":"https:\/\/sgvaimudar.com.br\/index.php\/wp-json\/wp\/v2\/posts"}],"about":[{"href":"https:\/\/sgvaimudar.com.br\/index.php\/wp-json\/wp\/v2\/types\/post"}],"author":[{"embeddable":true,"href":"https:\/\/sgvaimudar.com.br\/index.php\/wp-json\/wp\/v2\/users\/5"}],"replies":[{"embeddable":true,"href":"https:\/\/sgvaimudar.com.br\/index.php\/wp-json\/wp\/v2\/comments?post=15768"}],"version-history":[{"count":1,"href":"https:\/\/sgvaimudar.com.br\/index.php\/wp-json\/wp\/v2\/posts\/15768\/revisions"}],"predecessor-version":[{"id":15770,"href":"https:\/\/sgvaimudar.com.br\/index.php\/wp-json\/wp\/v2\/posts\/15768\/revisions\/15770"}],"wp:featuredmedia":[{"embeddable":true,"href":"https:\/\/sgvaimudar.com.br\/index.php\/wp-json\/wp\/v2\/media\/15769"}],"wp:attachment":[{"href":"https:\/\/sgvaimudar.com.br\/index.php\/wp-json\/wp\/v2\/media?parent=15768"}],"wp:term":[{"taxonomy":"category","embeddable":true,"href":"https:\/\/sgvaimudar.com.br\/index.php\/wp-json\/wp\/v2\/categories?post=15768"},{"taxonomy":"post_tag","embeddable":true,"href":"https:\/\/sgvaimudar.com.br\/index.php\/wp-json\/wp\/v2\/tags?post=15768"}],"curies":[{"name":"wp","href":"https:\/\/api.w.org\/{rel}","templated":true}]}}