{"id":15762,"date":"2024-11-24T10:45:00","date_gmt":"2024-11-24T13:45:00","guid":{"rendered":"https:\/\/sgvaimudar.com.br\/?p=15762"},"modified":"2024-11-24T06:30:11","modified_gmt":"2024-11-24T09:30:11","slug":"mulher-presa-por-armazenar-pornografia-infantil-na-baixada","status":"publish","type":"post","link":"https:\/\/sgvaimudar.com.br\/index.php\/2024\/11\/24\/mulher-presa-por-armazenar-pornografia-infantil-na-baixada\/","title":{"rendered":"Mulher presa por armazenar pornografia infantil na Baixada"},"content":{"rendered":"\n<p>Uma mulher foi presa, nesta sexta-feira (22) pelos crimes de produ\u00e7\u00e3o, compartilhamento e armazenamento de arquivos de abuso sexual infanto-juvenil e estupro de vulner\u00e1vel. Ela foi capturada em Mesquita, na Baixada Fluminense, durante o cumprimento de mandado de pris\u00e3o e de busca e apreens\u00e3o.<\/p>\n\n\n\n<p>De acordo a Pol\u00edcia Civil, a pris\u00e3o foi deferida pela Justi\u00e7a a partir de uma investiga\u00e7\u00e3o sobre di\u00e1logos em uma rede social, onde a acusada falava sobre os abusos cometidos contra seus pr\u00f3prios filhos. Em uma das conversas, a mulher encaminhou fotos de partes \u00edntimas feminina, afirmando que seria de crian\u00e7a de quem&nbsp;tomava&nbsp;conta.<\/p>\n\n\n\n<p>A pris\u00e3o foi efetuada por policiais civis da Delegacia da Crian\u00e7a e Adolescente V\u00edtima (DCAV). Ela foi encaminhada \u00e0 53\u00aa DP (Mesquita), onde permanece presa \u00e0 disposi\u00e7\u00e3o da Justi\u00e7a.<\/p>\n\n\n\n<p><strong><em><sup>S\u00e3o Gon\u00e7alo Vai Mudar. O Maior Portal da Cidade.<\/sup><\/em><\/strong><\/p>\n\n\n\n<figure class=\"wp-block-image size-full\"><img decoding=\"async\" width=\"317\" height=\"111\" src=\"https:\/\/sgvaimudar.com.br\/wp-content\/uploads\/2023\/08\/Logo-Provisoria-2-2.png\" alt=\"\" class=\"wp-image-2781\" srcset=\"https:\/\/sgvaimudar.com.br\/wp-content\/uploads\/2023\/08\/Logo-Provisoria-2-2.png 317w, https:\/\/sgvaimudar.com.br\/wp-content\/uploads\/2023\/08\/Logo-Provisoria-2-2-300x105.png 300w\" sizes=\"(max-width: 317px) 100vw, 317px\" \/><\/figure>\n","protected":false},"excerpt":{"rendered":"<p>Uma mulher foi presa, nesta sexta-feira (22) pelos crimes de produ\u00e7\u00e3o, compartilhamento e armazenamento de arquivos de abuso sexual infanto-juvenil&hellip;<\/p>\n","protected":false},"author":5,"featured_media":15763,"comment_status":"open","ping_status":"open","sticky":false,"template":"","format":"standard","meta":{"fifu_image_url":"","fifu_image_alt":"","footnotes":""},"categories":[32],"tags":[],"class_list":["post-15762","post","type-post","status-publish","format-standard","has-post-thumbnail","hentry","category-casos-de-policia"],"_links":{"self":[{"href":"https:\/\/sgvaimudar.com.br\/index.php\/wp-json\/wp\/v2\/posts\/15762","targetHints":{"allow":["GET"]}}],"collection":[{"href":"https:\/\/sgvaimudar.com.br\/index.php\/wp-json\/wp\/v2\/posts"}],"about":[{"href":"https:\/\/sgvaimudar.com.br\/index.php\/wp-json\/wp\/v2\/types\/post"}],"author":[{"embeddable":true,"href":"https:\/\/sgvaimudar.com.br\/index.php\/wp-json\/wp\/v2\/users\/5"}],"replies":[{"embeddable":true,"href":"https:\/\/sgvaimudar.com.br\/index.php\/wp-json\/wp\/v2\/comments?post=15762"}],"version-history":[{"count":1,"href":"https:\/\/sgvaimudar.com.br\/index.php\/wp-json\/wp\/v2\/posts\/15762\/revisions"}],"predecessor-version":[{"id":15764,"href":"https:\/\/sgvaimudar.com.br\/index.php\/wp-json\/wp\/v2\/posts\/15762\/revisions\/15764"}],"wp:featuredmedia":[{"embeddable":true,"href":"https:\/\/sgvaimudar.com.br\/index.php\/wp-json\/wp\/v2\/media\/15763"}],"wp:attachment":[{"href":"https:\/\/sgvaimudar.com.br\/index.php\/wp-json\/wp\/v2\/media?parent=15762"}],"wp:term":[{"taxonomy":"category","embeddable":true,"href":"https:\/\/sgvaimudar.com.br\/index.php\/wp-json\/wp\/v2\/categories?post=15762"},{"taxonomy":"post_tag","embeddable":true,"href":"https:\/\/sgvaimudar.com.br\/index.php\/wp-json\/wp\/v2\/tags?post=15762"}],"curies":[{"name":"wp","href":"https:\/\/api.w.org\/{rel}","templated":true}]}}