{"id":15758,"date":"2024-11-24T10:00:00","date_gmt":"2024-11-24T13:00:00","guid":{"rendered":"https:\/\/sgvaimudar.com.br\/?p=15758"},"modified":"2024-11-24T06:25:15","modified_gmt":"2024-11-24T09:25:15","slug":"em-itaborai-pedal-azul-reune-ciclistas-em-acao-de-conscientizacao-sobre-o-cancer-de-prostata","status":"publish","type":"post","link":"https:\/\/sgvaimudar.com.br\/index.php\/2024\/11\/24\/em-itaborai-pedal-azul-reune-ciclistas-em-acao-de-conscientizacao-sobre-o-cancer-de-prostata\/","title":{"rendered":"Em Itabora\u00ed: Pedal Azul re\u00fane ciclistas em a\u00e7\u00e3o de conscientiza\u00e7\u00e3o sobre o c\u00e2ncer de pr\u00f3stata"},"content":{"rendered":"\n<p>A manh\u00e3 deste s\u00e1bado (23\/11) foi marcada pelo Pedal Azul, evento realizado pela Prefeitura de Itabora\u00ed, em refer\u00eancia \u00e0 campanha Novembro Azul, que incentiva a preven\u00e7\u00e3o e o diagn\u00f3stico precoce do c\u00e2ncer de pr\u00f3stata. Organizado pelas secretarias municipais de Sa\u00fade (Semsa), Turismo e Eventos (Semte), e Esporte e Lazer (Semel), o evento reuniu ciclistas de diferentes idades, promovendo esporte, sa\u00fade e conscientiza\u00e7\u00e3o.<\/p>\n\n\n\n<figure class=\"wp-block-image size-large\"><img fetchpriority=\"high\" decoding=\"async\" width=\"1024\" height=\"768\" src=\"https:\/\/sgvaimudar.com.br\/wp-content\/uploads\/2024\/11\/Pedal-Azul-reune-ciclistas-em-acao-de-conscientizacao-sobre-o-cancer-de-prostata-1024x768.jpeg\" alt=\"\" class=\"wp-image-15759\" srcset=\"https:\/\/sgvaimudar.com.br\/wp-content\/uploads\/2024\/11\/Pedal-Azul-reune-ciclistas-em-acao-de-conscientizacao-sobre-o-cancer-de-prostata-1024x768.jpeg 1024w, https:\/\/sgvaimudar.com.br\/wp-content\/uploads\/2024\/11\/Pedal-Azul-reune-ciclistas-em-acao-de-conscientizacao-sobre-o-cancer-de-prostata-300x225.jpeg 300w, https:\/\/sgvaimudar.com.br\/wp-content\/uploads\/2024\/11\/Pedal-Azul-reune-ciclistas-em-acao-de-conscientizacao-sobre-o-cancer-de-prostata-768x576.jpeg 768w, https:\/\/sgvaimudar.com.br\/wp-content\/uploads\/2024\/11\/Pedal-Azul-reune-ciclistas-em-acao-de-conscientizacao-sobre-o-cancer-de-prostata-1536x1152.jpeg 1536w, https:\/\/sgvaimudar.com.br\/wp-content\/uploads\/2024\/11\/Pedal-Azul-reune-ciclistas-em-acao-de-conscientizacao-sobre-o-cancer-de-prostata.jpeg 1600w\" sizes=\"(max-width: 1024px) 100vw, 1024px\" \/><\/figure>\n\n\n\n<p>O prefeito de Itabora\u00ed, Marcelo Delaroli, destacou a import\u00e2ncia de conscientizar os homens sobre o cuidado com a sa\u00fade.<\/p>\n\n\n\n<p>\u201cNovembro Azul \u00e9 uma oportunidade de conscientizarmos os homens sobre a necessidade de cuidar da sa\u00fade, algo que historicamente foi deixado de lado, mas que hoje sabemos ser fundamental&#8221;, disse o prefeito. <\/p>\n\n\n\n<p>Ele afirmou que Itabora\u00ed est\u00e1 empenhada em oferecer cada vez mais estrutura e acolhimento para garantir que todos tenham acesso aos cuidados necess\u00e1rios. <\/p>\n\n\n\n<p>&#8220;Estamos zerando filas, avan\u00e7ando na Aten\u00e7\u00e3o Prim\u00e1ria e garantindo um atendimento digno para a nossa popula\u00e7\u00e3o. O Pedal Azul \u00e9 um s\u00edmbolo de que, juntos, podemos superar barreiras e construir um futuro mais saud\u00e1vel para todos. Homens, cuidem-se, porque sua sa\u00fade tamb\u00e9m \u00e9 prioridade!\u201d, disse Marcelo Delaroli.<\/p>\n\n\n\n<p>Com concentra\u00e7\u00e3o na Pra\u00e7a Marechal Floriano Peixoto, no Centro, a programa\u00e7\u00e3o come\u00e7ou com a retirada de camisas oficiais para os inscritos no evento. Ap\u00f3s a largada, o percurso seguiu pela principal via do munic\u00edpio, a Avenida 22 de Maio, e retornou ao ponto de partida, em um clima de anima\u00e7\u00e3o e apoio \u00e0 causa.<\/p>\n\n\n\n<p>Durante o evento, o secret\u00e1rio municipal de Sa\u00fade, H\u00e9dio Mataruna, falou sobre a relev\u00e2ncia do Pedal Azul como uma ferramenta para promover a sa\u00fade masculina e fortalecer a ades\u00e3o aos cuidados preventivos.<\/p>\n\n\n\n<p>\u201cEsse evento \u00e9 muito mais do que um pedal. Gra\u00e7as a esses eventos que temos feito de Novembro Azul, desde o in\u00edcio do governo Marcelo Delaroli, tem aumentado significativamente o n\u00famero de homens se cadastrando no Sistema \u00danico de Sa\u00fade (SUS) e sendo atendidos na Aten\u00e7\u00e3o Prim\u00e1ria e na Especializada&#8221;, afirmou o secret\u00e1rio.<\/p>\n\n\n\n<p>Segundo Mataruna, hoje n\u00e3o tem fila de urologista, de proctologista, n\u00e3o tem fila do exame de toque. &#8220;Apenas 22 homens na fila de bi\u00f3psia, que \u00e9 feito pelo Estado, e uma pequena fila de ultrassonografia. Ou seja, homens podem e devem se cuidar.<br>A gente sabe que o homem nasceu com o instinto para lutar, conquistar, trabalhar e cuidar. Mas a gente sabe que o homem tem que aprender a tamb\u00e9m cuidar de si, para poder cuidar da sua fam\u00edlia e dar conta do seu trabalho. Ent\u00e3o vamos l\u00e1, vamos nos cuidar\u201d, afirmou o secret\u00e1rio.<\/p>\n\n\n\n<p>Al\u00e9m do passeio cicl\u00edstico, um ponto de sa\u00fade foi montado na Pra\u00e7a com o objetivo de fornecer informa\u00e7\u00f5es educativas sobre o c\u00e2ncer de pr\u00f3stata, atrav\u00e9s de profissionais da \u00e1rea da sa\u00fade.<\/p>\n\n\n\n<p>Uedson Miranda, de 50 anos, morador do bairro Venda das Pedras, destacou a necessidade de fortalecer o movimento e incentivar os homens a priorizarem sua sa\u00fade de forma proativa e cont\u00ednua:<\/p>\n\n\n\n<p>\u201cA expectativa \u00e9 enorme, porque ainda h\u00e1 muito preconceito em rela\u00e7\u00e3o ao tratamento e \u00e0 preven\u00e7\u00e3o dessa doen\u00e7a. \u00c9 uma causa muito nobre, e precisamos realmente abra\u00e7\u00e1-la, incentivando os homens a cuidarem da pr\u00f3pria sa\u00fade, algo que infelizmente muitos deixam de lado. \u00c9 fundamental entender que o cuidado com a sa\u00fade masculina deve ser t\u00e3o relevante quanto o Outubro Rosa \u00e9 para as mulheres. O Novembro Azul precisa crescer e ganhar mais for\u00e7a. Fico muito feliz em ver a ades\u00e3o ao pedal, mesmo com o tempo chuvoso. Homens, cuidar da nossa sa\u00fade \u00e9 essencial para aproveitarmos plenamente a vida. Sempre gosto de lembrar: no futuro, queremos ser aqueles que carregam ou os que precisam ser carregados? O momento de agir \u00e9 agora\u201d, enfatizou o empres\u00e1rio e motorista.<\/p>\n\n\n\n<p>O Pedal Azul faz parte de uma s\u00e9rie de iniciativas da Prefeitura de Itabora\u00ed em conscientiza\u00e7\u00e3o ao Novembro Azul, que inclui palestras, atividades educativas e atendimentos especializados em unidades de sa\u00fade. As a\u00e7\u00f5es seguem ao longo do m\u00eas, refor\u00e7ando o compromisso do munic\u00edpio em cuidar da sa\u00fade e do bem-estar da popula\u00e7\u00e3o masculina.<\/p>\n\n\n\n<p>Para a profissional de educa\u00e7\u00e3o f\u00edsica e participante do evento, Eliana Correia de Souza, de 48 anos, a uni\u00e3o entre atividade f\u00edsica e campanhas de sa\u00fade \u00e9 essencial para promover qualidade de vida e alertar sobre os cuidados necess\u00e1rios.<\/p>\n\n\n\n<p>\u201cComo educadora f\u00edsica, qualquer programa\u00e7\u00e3o que tenha atividade f\u00edsica me deixa com uma expectativa alta. Pelo fato de eu estar passando pelo c\u00e2ncer de mama, todo evento que vem falar sobre a sa\u00fade em geral \u00e9 muito importante. Muita gente esquece de focar na sa\u00fade, por isso precisamos conscientizar as pessoas e chamar aten\u00e7\u00e3o para a qualidade de vida. Homens, fa\u00e7am o exame e n\u00e3o tenham medo, n\u00e3o tem nada demais. Passando pela minha situa\u00e7\u00e3o posso dizer que \u00e9 muito pior enfrentar a doen\u00e7a, do que fazer o exame\u201d, aconselhou a moradora do bairro Jardim Imperial.<\/p>\n\n\n\n<p>A seguran\u00e7a do evento foi garantida pela atua\u00e7\u00e3o de agentes da Guarda Municipal e da Secretaria Municipal de Transportes (Semtrans), que realizaram interdi\u00e7\u00f5es tempor\u00e1rias e organizaram desvios no tr\u00e1fego.<\/p>\n\n\n\n<p><strong><em><sup>S\u00e3o Gon\u00e7alo Vai Mudar. O Maior Portal da Cidade.<\/sup><\/em><\/strong><\/p>\n\n\n\n<figure class=\"wp-block-image size-full\"><img decoding=\"async\" width=\"317\" height=\"111\" src=\"https:\/\/sgvaimudar.com.br\/wp-content\/uploads\/2023\/08\/Logo-Provisoria-2-2.png\" alt=\"\" class=\"wp-image-2781\" srcset=\"https:\/\/sgvaimudar.com.br\/wp-content\/uploads\/2023\/08\/Logo-Provisoria-2-2.png 317w, https:\/\/sgvaimudar.com.br\/wp-content\/uploads\/2023\/08\/Logo-Provisoria-2-2-300x105.png 300w\" sizes=\"(max-width: 317px) 100vw, 317px\" \/><\/figure>\n","protected":false},"excerpt":{"rendered":"<p>A manh\u00e3 deste s\u00e1bado (23\/11) foi marcada pelo Pedal Azul, evento realizado pela Prefeitura de Itabora\u00ed, em refer\u00eancia \u00e0 campanha&hellip;<\/p>\n","protected":false},"author":5,"featured_media":15760,"comment_status":"open","ping_status":"open","sticky":false,"template":"","format":"standard","meta":{"fifu_image_url":"","fifu_image_alt":"","footnotes":""},"categories":[7],"tags":[],"class_list":["post-15758","post","type-post","status-publish","format-standard","has-post-thumbnail","hentry","category-saude"],"_links":{"self":[{"href":"https:\/\/sgvaimudar.com.br\/index.php\/wp-json\/wp\/v2\/posts\/15758","targetHints":{"allow":["GET"]}}],"collection":[{"href":"https:\/\/sgvaimudar.com.br\/index.php\/wp-json\/wp\/v2\/posts"}],"about":[{"href":"https:\/\/sgvaimudar.com.br\/index.php\/wp-json\/wp\/v2\/types\/post"}],"author":[{"embeddable":true,"href":"https:\/\/sgvaimudar.com.br\/index.php\/wp-json\/wp\/v2\/users\/5"}],"replies":[{"embeddable":true,"href":"https:\/\/sgvaimudar.com.br\/index.php\/wp-json\/wp\/v2\/comments?post=15758"}],"version-history":[{"count":1,"href":"https:\/\/sgvaimudar.com.br\/index.php\/wp-json\/wp\/v2\/posts\/15758\/revisions"}],"predecessor-version":[{"id":15761,"href":"https:\/\/sgvaimudar.com.br\/index.php\/wp-json\/wp\/v2\/posts\/15758\/revisions\/15761"}],"wp:featuredmedia":[{"embeddable":true,"href":"https:\/\/sgvaimudar.com.br\/index.php\/wp-json\/wp\/v2\/media\/15760"}],"wp:attachment":[{"href":"https:\/\/sgvaimudar.com.br\/index.php\/wp-json\/wp\/v2\/media?parent=15758"}],"wp:term":[{"taxonomy":"category","embeddable":true,"href":"https:\/\/sgvaimudar.com.br\/index.php\/wp-json\/wp\/v2\/categories?post=15758"},{"taxonomy":"post_tag","embeddable":true,"href":"https:\/\/sgvaimudar.com.br\/index.php\/wp-json\/wp\/v2\/tags?post=15758"}],"curies":[{"name":"wp","href":"https:\/\/api.w.org\/{rel}","templated":true}]}}