{"id":15744,"date":"2024-11-24T07:50:00","date_gmt":"2024-11-24T10:50:00","guid":{"rendered":"https:\/\/sgvaimudar.com.br\/?p=15744"},"modified":"2024-11-24T05:57:25","modified_gmt":"2024-11-24T08:57:25","slug":"policia-civil-prende-quatro-milicianos-e-apreende-fuzis-durante-operacao-na-zona-oeste-do-rio","status":"publish","type":"post","link":"https:\/\/sgvaimudar.com.br\/index.php\/2024\/11\/24\/policia-civil-prende-quatro-milicianos-e-apreende-fuzis-durante-operacao-na-zona-oeste-do-rio\/","title":{"rendered":"Pol\u00edcia Civil prende quatro milicianos e apreende fuzis durante opera\u00e7\u00e3o na Zona Oeste do Rio"},"content":{"rendered":"\n<p>Os policiais civis da Delegacia de Repress\u00e3o \u00e0s A\u00e7\u00f5es Criminosas Organizadas e Inqu\u00e9ritos Especiais (Draco) e da Subsecretaria de Intelig\u00eancia (SSINTE) realizaram, neste s\u00e1bado (23\/11), uma opera\u00e7\u00e3o para desarticular um grupo de milicianos que atua na regi\u00e3o de Catiri, em Bangu, na Zona Oeste do Rio.<\/p>\n\n\n\n<p>Quatro homens foram presos e quatro fuzis foram apreendidos. Os policiais tamb\u00e9m recuperaram um autom\u00f3vel roubado utilizado pelo grupo. Ap\u00f3s a a\u00e7\u00e3o, os criminosos foram conduzidos para a Draco e autuados pelos crimes de porte ilegal de arma de fogo de uso proibido, constitui\u00e7\u00e3o de mil\u00edcia privada, recepta\u00e7\u00e3o e adultera\u00e7\u00e3o de sinal identificador de ve\u00edculo automotor.<\/p>\n\n\n\n<p><strong><em><sup>S\u00e3o Gon\u00e7alo Vai Mudar. O Maior Portal da Cidade.<\/sup><\/em><\/strong><\/p>\n\n\n\n<figure class=\"wp-block-image size-full\"><img decoding=\"async\" width=\"317\" height=\"111\" src=\"https:\/\/sgvaimudar.com.br\/wp-content\/uploads\/2023\/08\/Logo-Provisoria-2-2.png\" alt=\"\" class=\"wp-image-2781\" srcset=\"https:\/\/sgvaimudar.com.br\/wp-content\/uploads\/2023\/08\/Logo-Provisoria-2-2.png 317w, https:\/\/sgvaimudar.com.br\/wp-content\/uploads\/2023\/08\/Logo-Provisoria-2-2-300x105.png 300w\" sizes=\"(max-width: 317px) 100vw, 317px\" \/><\/figure>\n","protected":false},"excerpt":{"rendered":"<p>Os policiais civis da Delegacia de Repress\u00e3o \u00e0s A\u00e7\u00f5es Criminosas Organizadas e Inqu\u00e9ritos Especiais (Draco) e da Subsecretaria de Intelig\u00eancia&hellip;<\/p>\n","protected":false},"author":5,"featured_media":15745,"comment_status":"open","ping_status":"open","sticky":false,"template":"","format":"standard","meta":{"fifu_image_url":"","fifu_image_alt":"","footnotes":""},"categories":[32],"tags":[],"class_list":["post-15744","post","type-post","status-publish","format-standard","has-post-thumbnail","hentry","category-casos-de-policia"],"_links":{"self":[{"href":"https:\/\/sgvaimudar.com.br\/index.php\/wp-json\/wp\/v2\/posts\/15744","targetHints":{"allow":["GET"]}}],"collection":[{"href":"https:\/\/sgvaimudar.com.br\/index.php\/wp-json\/wp\/v2\/posts"}],"about":[{"href":"https:\/\/sgvaimudar.com.br\/index.php\/wp-json\/wp\/v2\/types\/post"}],"author":[{"embeddable":true,"href":"https:\/\/sgvaimudar.com.br\/index.php\/wp-json\/wp\/v2\/users\/5"}],"replies":[{"embeddable":true,"href":"https:\/\/sgvaimudar.com.br\/index.php\/wp-json\/wp\/v2\/comments?post=15744"}],"version-history":[{"count":1,"href":"https:\/\/sgvaimudar.com.br\/index.php\/wp-json\/wp\/v2\/posts\/15744\/revisions"}],"predecessor-version":[{"id":15746,"href":"https:\/\/sgvaimudar.com.br\/index.php\/wp-json\/wp\/v2\/posts\/15744\/revisions\/15746"}],"wp:featuredmedia":[{"embeddable":true,"href":"https:\/\/sgvaimudar.com.br\/index.php\/wp-json\/wp\/v2\/media\/15745"}],"wp:attachment":[{"href":"https:\/\/sgvaimudar.com.br\/index.php\/wp-json\/wp\/v2\/media?parent=15744"}],"wp:term":[{"taxonomy":"category","embeddable":true,"href":"https:\/\/sgvaimudar.com.br\/index.php\/wp-json\/wp\/v2\/categories?post=15744"},{"taxonomy":"post_tag","embeddable":true,"href":"https:\/\/sgvaimudar.com.br\/index.php\/wp-json\/wp\/v2\/tags?post=15744"}],"curies":[{"name":"wp","href":"https:\/\/api.w.org\/{rel}","templated":true}]}}