{"id":15723,"date":"2024-11-23T14:00:00","date_gmt":"2024-11-23T17:00:00","guid":{"rendered":"https:\/\/sgvaimudar.com.br\/?p=15723"},"modified":"2024-11-23T09:39:15","modified_gmt":"2024-11-23T12:39:15","slug":"sao-goncalo-realiza-feirao-de-vagas-de-emprego-para-pessoas-com-deficiencia","status":"publish","type":"post","link":"https:\/\/sgvaimudar.com.br\/index.php\/2024\/11\/23\/sao-goncalo-realiza-feirao-de-vagas-de-emprego-para-pessoas-com-deficiencia\/","title":{"rendered":"S\u00e3o Gon\u00e7alo realiza feir\u00e3o de vagas de emprego para pessoas com defici\u00eancia"},"content":{"rendered":"\n<p><em>Dia D ocorrer\u00e1 na pr\u00f3xima quinta-feira (28), no Sesc<\/em><\/p>\n\n\n\n<p>S\u00e3o Gon\u00e7alo vai sediar, na pr\u00f3xima quinta-feira (28), o &#8220;Dia D&#8221; para Pessoas com Defici\u00eancia. Trata-se de um feir\u00e3o de vagas de emprego exclusivas para pessoas com defici\u00eancia e segurados do programa de reabilita\u00e7\u00e3o do INSS. O &#8220;Dia D&#8221; ocorrer\u00e1 no Sesc S\u00e3o Gon\u00e7alo, no bairro Estrela do Norte, numa parceria da Prefeitura de S\u00e3o Gon\u00e7alo, atrav\u00e9s da Secretaria de Desenvolvimento Econ\u00f4mico, com o governo federal.<\/p>\n\n\n\n<figure class=\"wp-block-image size-large\"><img fetchpriority=\"high\" decoding=\"async\" width=\"819\" height=\"1024\" src=\"https:\/\/sgvaimudar.com.br\/wp-content\/uploads\/2024\/11\/unnamed-7-13-819x1024.jpg\" alt=\"\" class=\"wp-image-15724\" srcset=\"https:\/\/sgvaimudar.com.br\/wp-content\/uploads\/2024\/11\/unnamed-7-13-819x1024.jpg 819w, https:\/\/sgvaimudar.com.br\/wp-content\/uploads\/2024\/11\/unnamed-7-13-240x300.jpg 240w, https:\/\/sgvaimudar.com.br\/wp-content\/uploads\/2024\/11\/unnamed-7-13-768x960.jpg 768w, https:\/\/sgvaimudar.com.br\/wp-content\/uploads\/2024\/11\/unnamed-7-13.jpg 1080w\" sizes=\"(max-width: 819px) 100vw, 819px\" \/><\/figure>\n\n\n\n<p>Segundo o secret\u00e1rio Eug\u00eanio Abreu, o &#8220;Dia D&#8221; tem como objetivo fortalecer a rede de profissionais com disponibilidade para trabalhar nos mais diversos cargos em S\u00e3o Gon\u00e7alo.<\/p>\n\n\n\n<p>&#8220;A secretaria vem trabalhando para fornecer vagas de emprego para os mais diversos gon\u00e7alenses nos mais diferentes cargos. Queremos que as pessoas evitem sair do munic\u00edpio para trabalhar, fortalecendo a economia local. Sabemos que, muitas vezes, as pessoas com defici\u00eancia s\u00e3o marginalizadas no mercado de trabalho e, por isso, pensamos nesse feir\u00e3o de empregos feito exclusivamente para esse p\u00fablico&#8221;, disse Abreu.<\/p>\n\n\n\n<p>O evento est\u00e1 sendo feito em parceria com o Minist\u00e9rio do Trabalho e Emprego, do governo federal. O &#8220;Dia D&#8221; tem como objetivo criar um ambiente favor\u00e1vel \u00e0 integra\u00e7\u00e3o das pessoas com defici\u00eancia no mercado de trabalho, al\u00e9m do fortalecimento da rede de apoio aos profissionais em processo de reitera\u00e7\u00e3o laboral, garantindo a acessibilidade e a igualdade de oportunidades, concretizada em uma feira de emprego.<\/p>\n\n\n\n<p>Para se candidatar \u00e0s vagas em quest\u00e3o \u00e9 necess\u00e1rio que o candidato compare\u00e7a ao evento com seus documentos pessoais e um laudo m\u00e9dico com a Classifica\u00e7\u00e3o Internacional de Doen\u00e7as (CID).<\/p>\n\n\n\n<p><strong>Servi\u00e7o:<\/strong><\/p>\n\n\n\n<p>Data: 28 de novembro de 2024<\/p>\n\n\n\n<p>Hor\u00e1rio: 9h \u00e0s 16h.<\/p>\n\n\n\n<p>Local: Sesc S\u00e3o Gon\u00e7alo &#8211; Av. Presidente Kennedy, 755, Estrela do Norte.<\/p>\n\n\n\n<p><strong><em><sup>S\u00e3o Gon\u00e7alo Vai Mudar. O Maior Portal da Cidade.<\/sup><\/em><\/strong><\/p>\n\n\n\n<figure class=\"wp-block-image size-full\"><img decoding=\"async\" width=\"317\" height=\"111\" src=\"https:\/\/sgvaimudar.com.br\/wp-content\/uploads\/2023\/08\/Logo-Provisoria-2-2.png\" alt=\"\" class=\"wp-image-2781\" srcset=\"https:\/\/sgvaimudar.com.br\/wp-content\/uploads\/2023\/08\/Logo-Provisoria-2-2.png 317w, https:\/\/sgvaimudar.com.br\/wp-content\/uploads\/2023\/08\/Logo-Provisoria-2-2-300x105.png 300w\" sizes=\"(max-width: 317px) 100vw, 317px\" \/><\/figure>\n","protected":false},"excerpt":{"rendered":"<p>Dia D ocorrer\u00e1 na pr\u00f3xima quinta-feira (28), no Sesc S\u00e3o Gon\u00e7alo vai sediar, na pr\u00f3xima quinta-feira (28), o &#8220;Dia D&#8221;&hellip;<\/p>\n","protected":false},"author":5,"featured_media":13470,"comment_status":"open","ping_status":"open","sticky":false,"template":"","format":"standard","meta":{"fifu_image_url":"","fifu_image_alt":"","footnotes":""},"categories":[3],"tags":[],"class_list":["post-15723","post","type-post","status-publish","format-standard","has-post-thumbnail","hentry","category-sao-goncalo"],"_links":{"self":[{"href":"https:\/\/sgvaimudar.com.br\/index.php\/wp-json\/wp\/v2\/posts\/15723","targetHints":{"allow":["GET"]}}],"collection":[{"href":"https:\/\/sgvaimudar.com.br\/index.php\/wp-json\/wp\/v2\/posts"}],"about":[{"href":"https:\/\/sgvaimudar.com.br\/index.php\/wp-json\/wp\/v2\/types\/post"}],"author":[{"embeddable":true,"href":"https:\/\/sgvaimudar.com.br\/index.php\/wp-json\/wp\/v2\/users\/5"}],"replies":[{"embeddable":true,"href":"https:\/\/sgvaimudar.com.br\/index.php\/wp-json\/wp\/v2\/comments?post=15723"}],"version-history":[{"count":1,"href":"https:\/\/sgvaimudar.com.br\/index.php\/wp-json\/wp\/v2\/posts\/15723\/revisions"}],"predecessor-version":[{"id":15725,"href":"https:\/\/sgvaimudar.com.br\/index.php\/wp-json\/wp\/v2\/posts\/15723\/revisions\/15725"}],"wp:featuredmedia":[{"embeddable":true,"href":"https:\/\/sgvaimudar.com.br\/index.php\/wp-json\/wp\/v2\/media\/13470"}],"wp:attachment":[{"href":"https:\/\/sgvaimudar.com.br\/index.php\/wp-json\/wp\/v2\/media?parent=15723"}],"wp:term":[{"taxonomy":"category","embeddable":true,"href":"https:\/\/sgvaimudar.com.br\/index.php\/wp-json\/wp\/v2\/categories?post=15723"},{"taxonomy":"post_tag","embeddable":true,"href":"https:\/\/sgvaimudar.com.br\/index.php\/wp-json\/wp\/v2\/tags?post=15723"}],"curies":[{"name":"wp","href":"https:\/\/api.w.org\/{rel}","templated":true}]}}