{"id":15719,"date":"2024-11-23T13:00:00","date_gmt":"2024-11-23T16:00:00","guid":{"rendered":"https:\/\/sgvaimudar.com.br\/?p=15719"},"modified":"2024-11-23T09:35:10","modified_gmt":"2024-11-23T12:35:10","slug":"prefeitura-realiza-manutencao-na-praca-de-nova-cidade","status":"publish","type":"post","link":"https:\/\/sgvaimudar.com.br\/index.php\/2024\/11\/23\/prefeitura-realiza-manutencao-na-praca-de-nova-cidade\/","title":{"rendered":"Prefeitura realiza manuten\u00e7\u00e3o na Pra\u00e7a de Nova Cidade"},"content":{"rendered":"\n<p><em>Espa\u00e7o de lazer vem sendo alterado para melhor utiliza\u00e7\u00e3o pela popula\u00e7\u00e3o<\/em><\/p>\n\n\n\n<p>A Secretaria de Conserva\u00e7\u00e3o da Prefeitura de S\u00e3o Gon\u00e7alo informou que realiza rotineiramente manuten\u00e7\u00f5es em algumas pra\u00e7as do munic\u00edpio. &#8220;Al\u00e9m da execu\u00e7\u00e3o do projeto Pra\u00e7a Renovada, que est\u00e1 em andamento no bairro do Jardim Alc\u00e2ntara, por exemplo, as manuten\u00e7\u00f5es servem para readequar o espa\u00e7o de lazer \u00e0s necessidades da popula\u00e7\u00e3o&#8221;, informou a pasta na nota. Nesta sexta-feira (22), um trabalho de manuten\u00e7\u00e3o foi feito na Pra\u00e7a de Nova Cidade.<\/p>\n\n\n\n<figure class=\"wp-block-image size-full\"><img fetchpriority=\"high\" decoding=\"async\" width=\"1024\" height=\"683\" src=\"https:\/\/sgvaimudar.com.br\/wp-content\/uploads\/2024\/11\/unnamed-5-13.jpg\" alt=\"\" class=\"wp-image-15720\" srcset=\"https:\/\/sgvaimudar.com.br\/wp-content\/uploads\/2024\/11\/unnamed-5-13.jpg 1024w, https:\/\/sgvaimudar.com.br\/wp-content\/uploads\/2024\/11\/unnamed-5-13-300x200.jpg 300w, https:\/\/sgvaimudar.com.br\/wp-content\/uploads\/2024\/11\/unnamed-5-13-768x512.jpg 768w\" sizes=\"(max-width: 1024px) 100vw, 1024px\" \/><\/figure>\n\n\n\n<p>No local, os canteiros est\u00e3o sendo refeitos; um piso emborrachado ser\u00e1 colocado no local do parquinho da pra\u00e7a, que tamb\u00e9m ser\u00e1 revitalizado; um novo banco de concreto foi feito no ponto de \u00f4nibus do local (antes, o banco era de madeira); as galerias foram limpas; os equipamentos da academia de idosos ser\u00e3o realocados em outro espa\u00e7o da pra\u00e7a; \u00e1rvores foram podadas; o piso intertravado foi recolocado, dentre outras mudan\u00e7as. A manuten\u00e7\u00e3o teve in\u00edcio no final do m\u00eas de outubro.<\/p>\n\n\n\n<p>O secret\u00e1rio Edson Leal destacou a import\u00e2ncia de a\u00e7\u00f5es desse tipo pelo munic\u00edpio. &#8220;Aqui na secretaria buscamos sempre cuidar dos espa\u00e7os p\u00fablicos. Rotineiramente, as equipes de Parques e Jardins e do Departamento de Conserva\u00e7\u00e3o e Obras (DCO) atuam em todo o munic\u00edpio realizando podas e limpezas de \u00e1guas pluviais, respectivamente. Pensando em dar mais qualidade de vida para a popula\u00e7\u00e3o, revitalizamos 16 \u00e1reas de lazer em S\u00e3o Gon\u00e7alo e realizamos tamb\u00e9m as manuten\u00e7\u00f5es. A gente reorganiza algumas pra\u00e7as e faz pequenas mudan\u00e7as pensando no melhor aproveitamento daquele espa\u00e7o&#8221;, afirmou Leal.<\/p>\n\n\n\n<p>Michele Costa, de 32 anos, passa pela pra\u00e7a regularmente. Ela trabalha como repositora em um com\u00e9rcio pr\u00f3ximo e tem visto frequentemente as equipes com a manuten\u00e7\u00e3o. <\/p>\n\n\n\n<p>&#8220;Vai ser \u00f3timo! Vai melhorar para os moradores! Acho que vai ficar legal, vi que cortaram as \u00e1rvores tamb\u00e9m. Tenho visto essa manuten\u00e7\u00e3o com as equipes aqui h\u00e1 alguns dias e acho que o espa\u00e7o vai ficar melhor ainda, a popula\u00e7\u00e3o vai aproveitar mais&#8221;, disse a moradora do bairro Jardim Bom Retiro.<\/p>\n\n\n\n<p><em>Fotos: Fabio Guimar\u00e3es<\/em><\/p>\n\n\n\n<p><strong><em><sup>S\u00e3o Gon\u00e7alo Vai Mudar. O Maior Portal da Cidade.<\/sup><\/em><\/strong><\/p>\n\n\n\n<figure class=\"wp-block-image size-full\"><img decoding=\"async\" width=\"317\" height=\"111\" src=\"https:\/\/sgvaimudar.com.br\/wp-content\/uploads\/2023\/08\/Logo-Provisoria-2-2.png\" alt=\"\" class=\"wp-image-2781\" srcset=\"https:\/\/sgvaimudar.com.br\/wp-content\/uploads\/2023\/08\/Logo-Provisoria-2-2.png 317w, https:\/\/sgvaimudar.com.br\/wp-content\/uploads\/2023\/08\/Logo-Provisoria-2-2-300x105.png 300w\" sizes=\"(max-width: 317px) 100vw, 317px\" \/><\/figure>\n","protected":false},"excerpt":{"rendered":"<p>Espa\u00e7o de lazer vem sendo alterado para melhor utiliza\u00e7\u00e3o pela popula\u00e7\u00e3o A Secretaria de Conserva\u00e7\u00e3o da Prefeitura de S\u00e3o Gon\u00e7alo&hellip;<\/p>\n","protected":false},"author":5,"featured_media":15721,"comment_status":"open","ping_status":"open","sticky":false,"template":"","format":"standard","meta":{"fifu_image_url":"","fifu_image_alt":"","footnotes":""},"categories":[3],"tags":[],"class_list":["post-15719","post","type-post","status-publish","format-standard","has-post-thumbnail","hentry","category-sao-goncalo"],"_links":{"self":[{"href":"https:\/\/sgvaimudar.com.br\/index.php\/wp-json\/wp\/v2\/posts\/15719","targetHints":{"allow":["GET"]}}],"collection":[{"href":"https:\/\/sgvaimudar.com.br\/index.php\/wp-json\/wp\/v2\/posts"}],"about":[{"href":"https:\/\/sgvaimudar.com.br\/index.php\/wp-json\/wp\/v2\/types\/post"}],"author":[{"embeddable":true,"href":"https:\/\/sgvaimudar.com.br\/index.php\/wp-json\/wp\/v2\/users\/5"}],"replies":[{"embeddable":true,"href":"https:\/\/sgvaimudar.com.br\/index.php\/wp-json\/wp\/v2\/comments?post=15719"}],"version-history":[{"count":1,"href":"https:\/\/sgvaimudar.com.br\/index.php\/wp-json\/wp\/v2\/posts\/15719\/revisions"}],"predecessor-version":[{"id":15722,"href":"https:\/\/sgvaimudar.com.br\/index.php\/wp-json\/wp\/v2\/posts\/15719\/revisions\/15722"}],"wp:featuredmedia":[{"embeddable":true,"href":"https:\/\/sgvaimudar.com.br\/index.php\/wp-json\/wp\/v2\/media\/15721"}],"wp:attachment":[{"href":"https:\/\/sgvaimudar.com.br\/index.php\/wp-json\/wp\/v2\/media?parent=15719"}],"wp:term":[{"taxonomy":"category","embeddable":true,"href":"https:\/\/sgvaimudar.com.br\/index.php\/wp-json\/wp\/v2\/categories?post=15719"},{"taxonomy":"post_tag","embeddable":true,"href":"https:\/\/sgvaimudar.com.br\/index.php\/wp-json\/wp\/v2\/tags?post=15719"}],"curies":[{"name":"wp","href":"https:\/\/api.w.org\/{rel}","templated":true}]}}