{"id":15680,"date":"2024-11-22T21:00:00","date_gmt":"2024-11-23T00:00:00","guid":{"rendered":"https:\/\/sgvaimudar.com.br\/?p=15680"},"modified":"2024-11-22T10:20:08","modified_gmt":"2024-11-22T13:20:08","slug":"sao-goncalo-oferece-curso-de-producao-executiva-no-audiovisua","status":"publish","type":"post","link":"https:\/\/sgvaimudar.com.br\/index.php\/2024\/11\/22\/sao-goncalo-oferece-curso-de-producao-executiva-no-audiovisua\/","title":{"rendered":"S\u00e3o Gon\u00e7alo oferece curso de Produ\u00e7\u00e3o Executiva no Audiovisua"},"content":{"rendered":"\n<p><em>Capacita\u00e7\u00e3o intensiva tem recursos da Lei Paulo Gustavo<\/em><\/p>\n\n\n\n<p>A Produplay anunciou a abertura das inscri\u00e7\u00f5es para a primeira turma do curso gratuito de Produ\u00e7\u00e3o Executiva no Audiovisual, um programa intensivo voltado para profissionais emergentes do setor audiovisual. O curso, que ser\u00e1 oferecido de forma online e presencial, tem como objetivo proporcionar uma forma\u00e7\u00e3o completa e atualizada, abrangendo desde o financiamento at\u00e9 a distribui\u00e7\u00e3o de conte\u00fados audiovisuais.\u00a0<\/p>\n\n\n\n<p>Com uma metodologia que inclui aulas interativas e estudos de caso, o curso visa capacitar os participantes com as habilidades essenciais para atuar na produ\u00e7\u00e3o executiva, com \u00eanfase em gest\u00e3o de projetos, negocia\u00e7\u00f5es de direitos e estrat\u00e9gias de marketing. Al\u00e9m disso, os m\u00f3dulos do curso abordam t\u00f3picos como promo\u00e7\u00e3o, licenciamento e os desafios do mercado audiovisual em constante evolu\u00e7\u00e3o.&nbsp;<\/p>\n\n\n\n<p>O setor audiovisual est\u00e1 em plena expans\u00e3o, e a demanda por profissionais qualificados segue em crescimento, impulsionada por novas tecnologias e mudan\u00e7as nas prefer\u00eancias do p\u00fablico. Com isso, o curso busca n\u00e3o apenas qualificar os participantes, mas tamb\u00e9m contribuir para o fortalecimento da economia criativa e o aquecimento do mercado local, gerando novas oportunidades de emprego e renda para S\u00e3o Gon\u00e7alo.&nbsp;<\/p>\n\n\n\n<p>O curso \u00e9 destinado para&nbsp;artistas, produtores, agentes culturais, profissionais da cultura, estudantes e demais interessados no setor audiovisual. As aulas ser\u00e3o ministradas atrav\u00e9s da plataforma Zoom, e os interessados podem se inscrever pelo link:&nbsp;<a href=\"https:\/\/click.cse360.com.br\/Click\/AddCampaignEmailClick\/ee2dc8c4-9a7f-47d6-3797-08dcfe50b831\/https%253a%252f%252fwww.sympla.com.br%252fevento-online%252fcurso-producao-executiva-audiovisual%252f2627176%253f_gl%253d1*159w55q*_gcl_au*MTE5Njg5MDUwMS4xNzI1ODc0MDMzLjE4ODkwOTY5MTQuMTczMDk5NTc0NS4xNzMwOTk1NzQ0*_ga*MTE2MTU0NTI1MS4xNzEyNTE1MDY3*_ga_KXH10SQTZF*MTczMTYxNDMzOS4yNi4xLjE3MzE2MTQzNDQuNTUuMC44MzU1MjI4Mjk\/ac66966e-2b55-4484-fb2c-08dc491eed5f\/jornalistaws@gmail.com\/False\" rel=\"noreferrer noopener\" target=\"_blank\"><u>Curso Produ\u00e7\u00e3o Executiva Audiovisual &#8211; online &#8211; Sympla<\/u><\/a>. Para mais informa\u00e7\u00f5es, entre em contato pelo e-mail:&nbsp;<a href=\"mailto:contato@produplay.com.br\" rel=\"noreferrer noopener\" target=\"_blank\"><u>contato@produplay.com.br<\/u><\/a><\/p>\n\n\n\n<p>O curso \u00e9 contemplado pela Lei Paulo Gustavo, atrav\u00e9s da Secretaria Municipal de Turismo e Cultura, com recursos do governo federal.<\/p>\n\n\n\n<p><strong>Conhe\u00e7a os m\u00f3dulos:&nbsp;&nbsp;<\/strong><\/p>\n\n\n\n<p>&#8211; M\u00f3dulo 1: Fundamentos da Produ\u00e7\u00e3o Executiva e Gest\u00e3o de Projetos (Online)<\/p>\n\n\n\n<p>Datas Previstas das Aulas: 01\/10; 02\/10; 03\/10; 08\/10; 09\/10<\/p>\n\n\n\n<p>&#8211; M\u00f3dulo 2: Financiamento e Or\u00e7amenta\u00e7\u00e3o (Online)<\/p>\n\n\n\n<p>Datas Previstas das Aulas: 10\/10; 15\/10&nbsp;<\/p>\n\n\n\n<p>&#8211; M\u00f3dulo 3: Produ\u00e7\u00e3o e Log\u00edstica (Online)<\/p>\n\n\n\n<p>Datas Previstas das Aulas: 16\/10 e 17\/10;&nbsp;<\/p>\n\n\n\n<p>&#8211; M\u00f3dulo 4: P\u00f3s-Produ\u00e7\u00e3o (Online) &#8211;&nbsp;&nbsp;<\/p>\n\n\n\n<p>Datas Previstas das Aulas: 30\/10; 31\/10; 05\/11; 06\/11&nbsp;(NOVAS DATAS)&nbsp;<\/p>\n\n\n\n<p>&#8211; M\u00f3dulo 5: Marketing e Promo\u00e7\u00e3o (Online)&nbsp;&nbsp;<\/p>\n\n\n\n<p>Datas Previstas das Aulas: 22\/10; 23\/10; 24\/10; 29\/10 e 29\/10 (NOVAS DATAS) &#8211; Em execu\u00e7\u00e3o!<\/p>\n\n\n\n<p>&#8211; M\u00f3dulo 6: Distribui\u00e7\u00e3o e Licenciamento (Online)<\/p>\n\n\n\n<p>Datas Previstas das Aulas: 07\/11 e 12\/11<\/p>\n\n\n\n<p>&#8211; M\u00f3dulo 7: Pensar Acessibilidade no Audiovisual (Presencial)<\/p>\n\n\n\n<p>Datas Previstas das Aulas: 02\/11 (14h \u00e0s 17h)<\/p>\n\n\n\n<p><strong>M\u00f3dulos presenciais:<\/strong><\/p>\n\n\n\n<p>&#8211; Dire\u00e7\u00e3o de Fotografia &#8211; 9h<\/p>\n\n\n\n<p>Datas Previstas das Aulas: 27\/11&nbsp;<\/p>\n\n\n\n<p>&#8211; Opera\u00e7\u00e3o de C\u00e2mera &#8211; 14h<\/p>\n\n\n\n<p>Datas Previstas das Aulas: 27\/11&nbsp;<\/p>\n\n\n\n<p>&#8211; Transmiss\u00e3o &#8211; 09h<\/p>\n\n\n\n<p>Datas Previstas das Aulas: 28\/11&nbsp;<\/p>\n\n\n\n<p>&#8211; Dire\u00e7\u00e3o de Arte 11h<\/p>\n\n\n\n<p>Datas Previstas das Aulas: 28\/11&nbsp;<\/p>\n\n\n\n<p>&#8211; Drone &#8211; 15h<\/p>\n\n\n\n<p>Datas Previstas das Aulas: 28\/11<\/p>\n\n\n\n<p>*O local das aulas presenciais ser\u00e1 no Centro Cultural Panorama&nbsp;<\/p>\n\n\n\n<p>R. Odete S\u00e3o Paio, 151, Coluband\u00ea &#8211; S\u00e3o Gon\u00e7alo<\/p>\n\n\n\n<p><em>Foto: Fabio Guimar\u00e3es<\/em><\/p>\n\n\n\n<p><strong><em><sup>S\u00e3o Gon\u00e7alo Vai Mudar. O Maior Portal da Cidade.<\/sup><\/em><\/strong><\/p>\n\n\n\n<figure class=\"wp-block-image size-full\"><img decoding=\"async\" width=\"317\" height=\"111\" src=\"https:\/\/sgvaimudar.com.br\/wp-content\/uploads\/2023\/08\/Logo-Provisoria-2-2.png\" alt=\"\" class=\"wp-image-2781\" srcset=\"https:\/\/sgvaimudar.com.br\/wp-content\/uploads\/2023\/08\/Logo-Provisoria-2-2.png 317w, https:\/\/sgvaimudar.com.br\/wp-content\/uploads\/2023\/08\/Logo-Provisoria-2-2-300x105.png 300w\" sizes=\"(max-width: 317px) 100vw, 317px\" \/><\/figure>\n\n\n\n<p> <\/p>\n","protected":false},"excerpt":{"rendered":"<p>Capacita\u00e7\u00e3o intensiva tem recursos da Lei Paulo Gustavo A Produplay anunciou a abertura das inscri\u00e7\u00f5es para a primeira turma do&hellip;<\/p>\n","protected":false},"author":5,"featured_media":15681,"comment_status":"open","ping_status":"open","sticky":false,"template":"","format":"standard","meta":{"fifu_image_url":"","fifu_image_alt":"","footnotes":""},"categories":[3],"tags":[],"class_list":["post-15680","post","type-post","status-publish","format-standard","has-post-thumbnail","hentry","category-sao-goncalo"],"_links":{"self":[{"href":"https:\/\/sgvaimudar.com.br\/index.php\/wp-json\/wp\/v2\/posts\/15680","targetHints":{"allow":["GET"]}}],"collection":[{"href":"https:\/\/sgvaimudar.com.br\/index.php\/wp-json\/wp\/v2\/posts"}],"about":[{"href":"https:\/\/sgvaimudar.com.br\/index.php\/wp-json\/wp\/v2\/types\/post"}],"author":[{"embeddable":true,"href":"https:\/\/sgvaimudar.com.br\/index.php\/wp-json\/wp\/v2\/users\/5"}],"replies":[{"embeddable":true,"href":"https:\/\/sgvaimudar.com.br\/index.php\/wp-json\/wp\/v2\/comments?post=15680"}],"version-history":[{"count":1,"href":"https:\/\/sgvaimudar.com.br\/index.php\/wp-json\/wp\/v2\/posts\/15680\/revisions"}],"predecessor-version":[{"id":15682,"href":"https:\/\/sgvaimudar.com.br\/index.php\/wp-json\/wp\/v2\/posts\/15680\/revisions\/15682"}],"wp:featuredmedia":[{"embeddable":true,"href":"https:\/\/sgvaimudar.com.br\/index.php\/wp-json\/wp\/v2\/media\/15681"}],"wp:attachment":[{"href":"https:\/\/sgvaimudar.com.br\/index.php\/wp-json\/wp\/v2\/media?parent=15680"}],"wp:term":[{"taxonomy":"category","embeddable":true,"href":"https:\/\/sgvaimudar.com.br\/index.php\/wp-json\/wp\/v2\/categories?post=15680"},{"taxonomy":"post_tag","embeddable":true,"href":"https:\/\/sgvaimudar.com.br\/index.php\/wp-json\/wp\/v2\/tags?post=15680"}],"curies":[{"name":"wp","href":"https:\/\/api.w.org\/{rel}","templated":true}]}}