{"id":15634,"date":"2024-11-22T08:07:36","date_gmt":"2024-11-22T11:07:36","guid":{"rendered":"https:\/\/sgvaimudar.com.br\/?p=15634"},"modified":"2024-11-22T08:07:36","modified_gmt":"2024-11-22T11:07:36","slug":"sao-goncalo-faz-reformas-nos-polos-sanitarios","status":"publish","type":"post","link":"https:\/\/sgvaimudar.com.br\/index.php\/2024\/11\/22\/sao-goncalo-faz-reformas-nos-polos-sanitarios\/","title":{"rendered":"S\u00e3o Gon\u00e7alo faz reformas nos polos sanit\u00e1rios"},"content":{"rendered":"\n<p><em>Unidades de sa\u00fade ter\u00e3o acessibilidade e climatiza\u00e7\u00e3o. O objetivo \u00e9 oferecer ambientes adequados e mais humanizados para os pacientes e funcion\u00e1rios<\/em><\/p>\n\n\n\n<p>A Secretaria de Sa\u00fade da Prefeitura de S\u00e3o Gon\u00e7alo informou que avan\u00e7a nas reformas dos polos sanit\u00e1rios. Segundo a pasta, a unidade Jorge Teixeira de Lima, no Jardim Catarina, j\u00e1 foi entregue completamente revitalizado e ampliado para a popula\u00e7\u00e3o. Agora, outras quatro recebem obras de manuten\u00e7\u00e3o, revitaliza\u00e7\u00e3o e amplia\u00e7\u00e3o. <\/p>\n\n\n\n<figure class=\"wp-block-image size-full\"><img fetchpriority=\"high\" decoding=\"async\" width=\"1024\" height=\"681\" src=\"https:\/\/sgvaimudar.com.br\/wp-content\/uploads\/2024\/11\/unnamed-4-13.jpg\" alt=\"\" class=\"wp-image-15635\" srcset=\"https:\/\/sgvaimudar.com.br\/wp-content\/uploads\/2024\/11\/unnamed-4-13.jpg 1024w, https:\/\/sgvaimudar.com.br\/wp-content\/uploads\/2024\/11\/unnamed-4-13-300x200.jpg 300w, https:\/\/sgvaimudar.com.br\/wp-content\/uploads\/2024\/11\/unnamed-4-13-768x511.jpg 768w\" sizes=\"(max-width: 1024px) 100vw, 1024px\" \/><\/figure>\n\n\n\n<p>Um dos principais de S\u00e3o Gon\u00e7alo por ficar na \u00e1rea central, o Polo Sanit\u00e1rio Washington Luiz Lopes, no Z\u00e9 Garoto, j\u00e1 foi todo pintado, recebeu ilumina\u00e7\u00e3o de led, letreiro novo, cobertura para a \u00e1rea da farm\u00e1cia e novo espa\u00e7o para atendimento com tr\u00eas consult\u00f3rios.\u00a0<\/p>\n\n\n\n<p>Salas, consult\u00f3rios e banheiros j\u00e1 passaram por manuten\u00e7\u00e3o e reforma e outros ainda v\u00e3o receber as benfeitorias. A unidade ainda ter\u00e1 a recep\u00e7\u00e3o refeita e ganhar\u00e1 banheiros adaptados para deficientes. O Hemon\u00facleo, que fica no mesmo terreno, tamb\u00e9m recebe manuten\u00e7\u00e3o geral, adequa\u00e7\u00e3o dos espa\u00e7os, ilumina\u00e7\u00e3o de led e pintura geral.\u00a0<\/p>\n\n\n\n<figure class=\"wp-block-image size-full\"><img decoding=\"async\" width=\"1024\" height=\"681\" src=\"https:\/\/sgvaimudar.com.br\/wp-content\/uploads\/2024\/11\/unnamed-5-12.jpg\" alt=\"\" class=\"wp-image-15637\" srcset=\"https:\/\/sgvaimudar.com.br\/wp-content\/uploads\/2024\/11\/unnamed-5-12.jpg 1024w, https:\/\/sgvaimudar.com.br\/wp-content\/uploads\/2024\/11\/unnamed-5-12-300x200.jpg 300w, https:\/\/sgvaimudar.com.br\/wp-content\/uploads\/2024\/11\/unnamed-5-12-768x511.jpg 768w\" sizes=\"(max-width: 1024px) 100vw, 1024px\" \/><\/figure>\n\n\n\n<p>O segundo polo sanit\u00e1rio mais movimentado \u00e9 o H\u00e9lio Cruz, em Alc\u00e2ntara. A unidade j\u00e1 teve uma \u00e1rea ampliada e recebeu mais dois consult\u00f3rios, novo refeit\u00f3rio para funcion\u00e1rios e adequa\u00e7\u00e3o das salas destinadas ao atendimento dos pacientes com hansen\u00edase e tuberculose, incluindo sanit\u00e1rio acess\u00edvel. Salas do segundo receberam pintura e, atualmente, os consult\u00f3rios do primeiro andar passam por melhorias.\u00a0<\/p>\n\n\n\n<p>O Polo Sanit\u00e1rio Paulo Marques Rangel, no Porto do Rosa, recebe obras de amplia\u00e7\u00e3o no terreno nos fundos da unidade. A unidade vai ganhar mais tr\u00eas salas de atendimento. A estrutura j\u00e1 existente do polo vai receber obras de revitaliza\u00e7\u00e3o e adequa\u00e7\u00e3o, revis\u00e3o de toda a parte el\u00e9trica, hidr\u00e1ulica e da rede de esgoto. Tr\u00eas consult\u00f3rios j\u00e1 come\u00e7aram a receber as melhorias.\u00a0\u00a0<\/p>\n\n\n\n<p>O principal das mudan\u00e7as em todas as unidades \u00e9 dar acessibilidade \u00e0s pessoas com defici\u00eancia e idosos. Algumas mudan\u00e7as significativas j\u00e1 aconteceram na unidade, como a instala\u00e7\u00e3o de aparelhos de ar-condicionado na maioria das salas e consult\u00f3rios, reforma nos banheiros e troca de alguns equipamentos de trabalho.\u00a0<\/p>\n\n\n\n<p>O Polo Sanit\u00e1rio Augusto Sena, em Rio do Ouro, tamb\u00e9m recebe obras de revitaliza\u00e7\u00e3o. As mudan\u00e7as come\u00e7aram pelo segundo andar do pr\u00e9dio, que teve o refeit\u00f3rio dos funcion\u00e1rios ampliado e adequa\u00e7\u00f5es de novos ambientes e c\u00f4modos da \u00e1rea administrativa.\u00a0<\/p>\n\n\n\n<p>A unidade tamb\u00e9m j\u00e1 recebeu ajustes na estrutura f\u00edsica, teve o telhado revitalizado e a rede el\u00e9trica revisada e trocada para receber a climatiza\u00e7\u00e3o em todos os ambientes. Atualmente, a reforma acontece na recep\u00e7\u00e3o e nas salas de servi\u00e7os.\u00a0<\/p>\n\n\n\n<p>\u201cAs unidades de sa\u00fade est\u00e3o em constante crescimento. Al\u00e9m de aumentarmos a quantidade de especialistas e servi\u00e7os, os profissionais passaram a realizar mais consultas. Estamos revitalizando toda a rede de sa\u00fade municipal para que elas tenham um mesmo padr\u00e3o visual, de atendimento humanizado e de acessibilidade \u2013 uma exig\u00eancia do prefeito Capit\u00e3o Nelson\u201d, contou a secret\u00e1ria de Sa\u00fade, Dra. Bianca Serour.\u00a0<\/p>\n\n\n\n<p>Todos os polos sanit\u00e1rios receber\u00e3o obras para adequa\u00e7\u00e3o das normas e protocolos de instala\u00e7\u00e3o do Minist\u00e9rio da Sa\u00fade e da Anvisa: a RDC 50, que diz respeito aos ambientes; e a NBR 9050, sobre acessibilidade (rampa, piso t\u00e1til, barras, banheiros adaptados e com campainha de alerta, por exemplo). As obras de moderniza\u00e7\u00e3o est\u00e3o sendo feitas por etapas para que os atendimentos n\u00e3o sejam interrompidos.<\/p>\n\n\n\n<p><em>Fotos: Julio Diniz<\/em><\/p>\n\n\n\n<p><strong><em><sup>S\u00e3o Gon\u00e7alo Vai Mudar. O Maior Portal da Cidade.<\/sup><\/em><\/strong><\/p>\n\n\n\n<figure class=\"wp-block-image size-full\"><img decoding=\"async\" width=\"317\" height=\"111\" src=\"https:\/\/sgvaimudar.com.br\/wp-content\/uploads\/2023\/08\/Logo-Provisoria-2-2.png\" alt=\"\" class=\"wp-image-2781\" srcset=\"https:\/\/sgvaimudar.com.br\/wp-content\/uploads\/2023\/08\/Logo-Provisoria-2-2.png 317w, https:\/\/sgvaimudar.com.br\/wp-content\/uploads\/2023\/08\/Logo-Provisoria-2-2-300x105.png 300w\" sizes=\"(max-width: 317px) 100vw, 317px\" \/><\/figure>\n\n\n\n<p> <\/p>\n","protected":false},"excerpt":{"rendered":"<p>Unidades de sa\u00fade ter\u00e3o acessibilidade e climatiza\u00e7\u00e3o. O objetivo \u00e9 oferecer ambientes adequados e mais humanizados para os pacientes e&hellip;<\/p>\n","protected":false},"author":5,"featured_media":15636,"comment_status":"open","ping_status":"open","sticky":false,"template":"","format":"standard","meta":{"fifu_image_url":"","fifu_image_alt":"","footnotes":""},"categories":[7],"tags":[],"class_list":["post-15634","post","type-post","status-publish","format-standard","has-post-thumbnail","hentry","category-saude"],"_links":{"self":[{"href":"https:\/\/sgvaimudar.com.br\/index.php\/wp-json\/wp\/v2\/posts\/15634","targetHints":{"allow":["GET"]}}],"collection":[{"href":"https:\/\/sgvaimudar.com.br\/index.php\/wp-json\/wp\/v2\/posts"}],"about":[{"href":"https:\/\/sgvaimudar.com.br\/index.php\/wp-json\/wp\/v2\/types\/post"}],"author":[{"embeddable":true,"href":"https:\/\/sgvaimudar.com.br\/index.php\/wp-json\/wp\/v2\/users\/5"}],"replies":[{"embeddable":true,"href":"https:\/\/sgvaimudar.com.br\/index.php\/wp-json\/wp\/v2\/comments?post=15634"}],"version-history":[{"count":1,"href":"https:\/\/sgvaimudar.com.br\/index.php\/wp-json\/wp\/v2\/posts\/15634\/revisions"}],"predecessor-version":[{"id":15638,"href":"https:\/\/sgvaimudar.com.br\/index.php\/wp-json\/wp\/v2\/posts\/15634\/revisions\/15638"}],"wp:featuredmedia":[{"embeddable":true,"href":"https:\/\/sgvaimudar.com.br\/index.php\/wp-json\/wp\/v2\/media\/15636"}],"wp:attachment":[{"href":"https:\/\/sgvaimudar.com.br\/index.php\/wp-json\/wp\/v2\/media?parent=15634"}],"wp:term":[{"taxonomy":"category","embeddable":true,"href":"https:\/\/sgvaimudar.com.br\/index.php\/wp-json\/wp\/v2\/categories?post=15634"},{"taxonomy":"post_tag","embeddable":true,"href":"https:\/\/sgvaimudar.com.br\/index.php\/wp-json\/wp\/v2\/tags?post=15634"}],"curies":[{"name":"wp","href":"https:\/\/api.w.org\/{rel}","templated":true}]}}