{"id":15625,"date":"2024-11-22T07:47:54","date_gmt":"2024-11-22T10:47:54","guid":{"rendered":"https:\/\/sgvaimudar.com.br\/?p=15625"},"modified":"2024-11-22T07:48:48","modified_gmt":"2024-11-22T10:48:48","slug":"o-melhor-do-artesanato-gastronomia-e-cultura-nesta-sexta-feira-22-11","status":"publish","type":"post","link":"https:\/\/sgvaimudar.com.br\/index.php\/2024\/11\/22\/o-melhor-do-artesanato-gastronomia-e-cultura-nesta-sexta-feira-22-11\/","title":{"rendered":"O melhor do artesanato, gastronomia e cultura nesta sexta-feira (22\/11) em SG"},"content":{"rendered":"\n<p>O Centro Cultural Joaquim Lavoura vai receber, nesta sexta-feira (22), mais uma edi\u00e7\u00e3o da Feira da Cultura, um evento gratuito que re\u00fane o melhor do artesanato e da gastronomia de S\u00e3o Gon\u00e7alo.<\/p>\n\n\n\n<p>A Feira da Cultura \u00e9 um evento \u00fanico que celebra a autenticidade e a criatividade da regi\u00e3o. A feira oferece uma variedade de barracas com produtos artesanais de qualidade, desde joias at\u00e9 pe\u00e7as de decora\u00e7\u00f5es \u00fanicas para o lar. Al\u00e9m disso, os participantes saboreiam pratos deliciosos preparados por chefs locais.&nbsp;<\/p>\n\n\n\n<p><strong>Servi\u00e7o:<\/strong><\/p>\n\n\n\n<p>Data: 22 de novembro&nbsp;<\/p>\n\n\n\n<p>Hor\u00e1rio: 09h \u00e0s 17h<\/p>\n\n\n\n<p>Local: Centro Cultural Joaquim Lavoura<\/p>\n\n\n\n<p>Entrada: Gratuita<\/p>\n\n\n\n<p>Obs: Em caso de condi\u00e7\u00f5es clim\u00e1ticas adversas, existe a possibilidade de adiamento do evento para garantir a seguran\u00e7a e o conforto de todos os participantes.<\/p>\n\n\n\n<p><strong><em><sup>S\u00e3o Gon\u00e7alo Vai Mudar. O Maior Portal da Cidade.<\/sup><\/em><\/strong><\/p>\n\n\n\n<figure class=\"wp-block-image size-full\"><img decoding=\"async\" width=\"317\" height=\"111\" src=\"https:\/\/sgvaimudar.com.br\/wp-content\/uploads\/2023\/08\/Logo-Provisoria-2-2.png\" alt=\"\" class=\"wp-image-2781\" srcset=\"https:\/\/sgvaimudar.com.br\/wp-content\/uploads\/2023\/08\/Logo-Provisoria-2-2.png 317w, https:\/\/sgvaimudar.com.br\/wp-content\/uploads\/2023\/08\/Logo-Provisoria-2-2-300x105.png 300w\" sizes=\"(max-width: 317px) 100vw, 317px\" \/><\/figure>\n","protected":false},"excerpt":{"rendered":"<p>O Centro Cultural Joaquim Lavoura vai receber, nesta sexta-feira (22), mais uma edi\u00e7\u00e3o da Feira da Cultura, um evento gratuito&hellip;<\/p>\n","protected":false},"author":5,"featured_media":15626,"comment_status":"open","ping_status":"open","sticky":false,"template":"","format":"standard","meta":{"fifu_image_url":"","fifu_image_alt":"","footnotes":""},"categories":[6],"tags":[],"class_list":["post-15625","post","type-post","status-publish","format-standard","has-post-thumbnail","hentry","category-entretenimento"],"_links":{"self":[{"href":"https:\/\/sgvaimudar.com.br\/index.php\/wp-json\/wp\/v2\/posts\/15625","targetHints":{"allow":["GET"]}}],"collection":[{"href":"https:\/\/sgvaimudar.com.br\/index.php\/wp-json\/wp\/v2\/posts"}],"about":[{"href":"https:\/\/sgvaimudar.com.br\/index.php\/wp-json\/wp\/v2\/types\/post"}],"author":[{"embeddable":true,"href":"https:\/\/sgvaimudar.com.br\/index.php\/wp-json\/wp\/v2\/users\/5"}],"replies":[{"embeddable":true,"href":"https:\/\/sgvaimudar.com.br\/index.php\/wp-json\/wp\/v2\/comments?post=15625"}],"version-history":[{"count":2,"href":"https:\/\/sgvaimudar.com.br\/index.php\/wp-json\/wp\/v2\/posts\/15625\/revisions"}],"predecessor-version":[{"id":15628,"href":"https:\/\/sgvaimudar.com.br\/index.php\/wp-json\/wp\/v2\/posts\/15625\/revisions\/15628"}],"wp:featuredmedia":[{"embeddable":true,"href":"https:\/\/sgvaimudar.com.br\/index.php\/wp-json\/wp\/v2\/media\/15626"}],"wp:attachment":[{"href":"https:\/\/sgvaimudar.com.br\/index.php\/wp-json\/wp\/v2\/media?parent=15625"}],"wp:term":[{"taxonomy":"category","embeddable":true,"href":"https:\/\/sgvaimudar.com.br\/index.php\/wp-json\/wp\/v2\/categories?post=15625"},{"taxonomy":"post_tag","embeddable":true,"href":"https:\/\/sgvaimudar.com.br\/index.php\/wp-json\/wp\/v2\/tags?post=15625"}],"curies":[{"name":"wp","href":"https:\/\/api.w.org\/{rel}","templated":true}]}}