{"id":15593,"date":"2024-11-20T10:00:00","date_gmt":"2024-11-20T13:00:00","guid":{"rendered":"https:\/\/sgvaimudar.com.br\/?p=15593"},"modified":"2024-11-20T07:45:37","modified_gmt":"2024-11-20T10:45:37","slug":"sao-goncalo-presta-homenagem-aos-conselheiros-tutelares","status":"publish","type":"post","link":"https:\/\/sgvaimudar.com.br\/index.php\/2024\/11\/20\/sao-goncalo-presta-homenagem-aos-conselheiros-tutelares\/","title":{"rendered":"S\u00e3o Gon\u00e7alo presta homenagem aos conselheiros tutelares"},"content":{"rendered":"\n<p><em>Vinte e dois profissionais foram homenageados&nbsp;<\/em><\/p>\n\n\n\n<p>A Secretaria de Assist\u00eancia Social da Prefeitura de S\u00e3o Gon\u00e7alo, atrav\u00e9s da Subsecretaria da Inf\u00e2ncia e Adolesc\u00eancia, realizou, nesta ter\u00e7a-feira (19), um evento alusivo ao Dia Nacional dos Conselheiros Tutelares (celebrado no dia 18 de novembro), no audit\u00f3rio do Minist\u00e9rio P\u00fablico, no bairro Santa Catarina.<\/p>\n\n\n\n<figure class=\"wp-block-image size-full\"><img fetchpriority=\"high\" decoding=\"async\" width=\"1024\" height=\"683\" src=\"https:\/\/sgvaimudar.com.br\/wp-content\/uploads\/2024\/11\/unnamed-3-13.jpg\" alt=\"\" class=\"wp-image-15594\" srcset=\"https:\/\/sgvaimudar.com.br\/wp-content\/uploads\/2024\/11\/unnamed-3-13.jpg 1024w, https:\/\/sgvaimudar.com.br\/wp-content\/uploads\/2024\/11\/unnamed-3-13-300x200.jpg 300w, https:\/\/sgvaimudar.com.br\/wp-content\/uploads\/2024\/11\/unnamed-3-13-768x512.jpg 768w\" sizes=\"(max-width: 1024px) 100vw, 1024px\" \/><\/figure>\n\n\n\n<p>Durante a celebra\u00e7\u00e3o, que contou com o apoio do Conselho Municipal dos Direitos da Crian\u00e7a e do Adolescente (CMDCA), foram feitas homenagens a 22 conselheiros do munic\u00edpio, com a entrega de certificados, al\u00e9m de din\u00e2micas e conversas sobre o cotidiano do trabalho de um conselheiro. Todos os conselheiros atuam nos quatro Conselhos Tutelares de S\u00e3o Gon\u00e7alo.<\/p>\n\n\n\n<p>O secret\u00e1rio de Assist\u00eancia Social, Felippe Mattos, esteve no evento e falou sobre a import\u00e2ncia da celebra\u00e7\u00e3o desse dia, agradecendo o servi\u00e7o prestado pelos conselheiros.<\/p>\n\n\n\n<p>&#8220;Agrade\u00e7o aos conselheiros presentes pelo trabalho que eles v\u00eam realizando no munic\u00edpio. Temos uma demanda grande, atendemos a diversos casos, como problemas de viol\u00eancia, sa\u00fade, neglig\u00eancia e abandono, al\u00e9m de outros servi\u00e7os, da melhor forma poss\u00edvel. Parab\u00e9ns aos presentes!&#8221;, afirmou.<\/p>\n\n\n\n<p>A subsecret\u00e1ria da Inf\u00e2ncia e Adolesc\u00eancia, Mariana Frizieiro, tamb\u00e9m destacou a import\u00e2ncia do Dia Nacional dos Conselheiros Tutelares.<\/p>\n\n\n\n<p>&#8220;Sabemos a import\u00e2ncia que um conselheiro tutelar tem na vida de uma crian\u00e7a e um adolescente. A gente sabe que o trabalho \u00e9 \u00e1rduo, que voc\u00eas s\u00e3o profissionais guerreiros, presentes, atendendo a diversos casos, sempre preocupados em fazer o melhor&#8221;, disse.<\/p>\n\n\n\n<p>Atualmente, S\u00e3o Gon\u00e7alo conta com quatro conselhos tutelares: no Centro, na Trindade, no Raul Veiga e no Laranjal. O principal objetivo do Conselho Tutelar \u00e9 garantir que as crian\u00e7as e adolescentes recebam a prote\u00e7\u00e3o e os cuidados necess\u00e1rios para o seu crescimento e desenvolvimento.&nbsp;<\/p>\n\n\n\n<p><em>Fotos: Fabio Guimar\u00e3es<\/em><\/p>\n\n\n\n<p><strong><em><sup>S\u00e3o Gon\u00e7alo Vai Mudar. O Maior Portal da Cidade.<\/sup><\/em><\/strong><\/p>\n\n\n\n<figure class=\"wp-block-image size-large\"><img decoding=\"async\" width=\"1024\" height=\"321\" src=\"https:\/\/sgvaimudar.com.br\/wp-content\/uploads\/2023\/08\/Logo-Provisoria-2-1024x321.png\" alt=\"\" class=\"wp-image-2777\" srcset=\"https:\/\/sgvaimudar.com.br\/wp-content\/uploads\/2023\/08\/Logo-Provisoria-2-1024x321.png 1024w, https:\/\/sgvaimudar.com.br\/wp-content\/uploads\/2023\/08\/Logo-Provisoria-2-300x94.png 300w, https:\/\/sgvaimudar.com.br\/wp-content\/uploads\/2023\/08\/Logo-Provisoria-2-768x241.png 768w, https:\/\/sgvaimudar.com.br\/wp-content\/uploads\/2023\/08\/Logo-Provisoria-2-1536x482.png 1536w, https:\/\/sgvaimudar.com.br\/wp-content\/uploads\/2023\/08\/Logo-Provisoria-2-2048x642.png 2048w\" sizes=\"(max-width: 1024px) 100vw, 1024px\" \/><\/figure>\n\n\n\n<p> <\/p>\n","protected":false},"excerpt":{"rendered":"<p>Vinte e dois profissionais foram homenageados&nbsp; A Secretaria de Assist\u00eancia Social da Prefeitura de S\u00e3o Gon\u00e7alo, atrav\u00e9s da Subsecretaria da&hellip;<\/p>\n","protected":false},"author":5,"featured_media":15595,"comment_status":"open","ping_status":"open","sticky":false,"template":"","format":"standard","meta":{"fifu_image_url":"","fifu_image_alt":"","footnotes":""},"categories":[3],"tags":[],"class_list":["post-15593","post","type-post","status-publish","format-standard","has-post-thumbnail","hentry","category-sao-goncalo"],"_links":{"self":[{"href":"https:\/\/sgvaimudar.com.br\/index.php\/wp-json\/wp\/v2\/posts\/15593","targetHints":{"allow":["GET"]}}],"collection":[{"href":"https:\/\/sgvaimudar.com.br\/index.php\/wp-json\/wp\/v2\/posts"}],"about":[{"href":"https:\/\/sgvaimudar.com.br\/index.php\/wp-json\/wp\/v2\/types\/post"}],"author":[{"embeddable":true,"href":"https:\/\/sgvaimudar.com.br\/index.php\/wp-json\/wp\/v2\/users\/5"}],"replies":[{"embeddable":true,"href":"https:\/\/sgvaimudar.com.br\/index.php\/wp-json\/wp\/v2\/comments?post=15593"}],"version-history":[{"count":1,"href":"https:\/\/sgvaimudar.com.br\/index.php\/wp-json\/wp\/v2\/posts\/15593\/revisions"}],"predecessor-version":[{"id":15596,"href":"https:\/\/sgvaimudar.com.br\/index.php\/wp-json\/wp\/v2\/posts\/15593\/revisions\/15596"}],"wp:featuredmedia":[{"embeddable":true,"href":"https:\/\/sgvaimudar.com.br\/index.php\/wp-json\/wp\/v2\/media\/15595"}],"wp:attachment":[{"href":"https:\/\/sgvaimudar.com.br\/index.php\/wp-json\/wp\/v2\/media?parent=15593"}],"wp:term":[{"taxonomy":"category","embeddable":true,"href":"https:\/\/sgvaimudar.com.br\/index.php\/wp-json\/wp\/v2\/categories?post=15593"},{"taxonomy":"post_tag","embeddable":true,"href":"https:\/\/sgvaimudar.com.br\/index.php\/wp-json\/wp\/v2\/tags?post=15593"}],"curies":[{"name":"wp","href":"https:\/\/api.w.org\/{rel}","templated":true}]}}