{"id":15583,"date":"2024-11-20T07:50:00","date_gmt":"2024-11-20T10:50:00","guid":{"rendered":"https:\/\/sgvaimudar.com.br\/?p=15583"},"modified":"2024-11-20T07:15:05","modified_gmt":"2024-11-20T10:15:05","slug":"policia-civil-prende-norte-americano-por-estupro-de-vulneravel-na-barra-da-tijuca","status":"publish","type":"post","link":"https:\/\/sgvaimudar.com.br\/index.php\/2024\/11\/20\/policia-civil-prende-norte-americano-por-estupro-de-vulneravel-na-barra-da-tijuca\/","title":{"rendered":"Pol\u00edcia Civil prende norte-americano por estupro de vulner\u00e1vel na Barra da Tijuca"},"content":{"rendered":"\n<p>Os policiais civis da Delegacia de Repress\u00e3o aos Crimes de Inform\u00e1tica (DRCI) prenderam, nesta ter\u00e7a-feira (19\/11), um cidad\u00e3o norte-americano por estupro de vulner\u00e1vel. As investiga\u00e7\u00f5es tiveram in\u00edcio em 2022. O criminoso foi localizado na Barra da Tijuca, Zona Oeste do Rio, ap\u00f3s trabalhos de intelig\u00eancia e monitoramento, que acompanhavam o autor desde que voltou ao Brasil, j\u00e1 em 2024.<\/p>\n\n\n\n<p>A apura\u00e7\u00e3o come\u00e7ou ap\u00f3s uma mulher abordar um policial na rua e entregar um envelope com um CD contendo diversas imagens de estupro envolvendo menor e uma foto de uma carteira nacional de habilita\u00e7\u00e3o em nome do autor. Segundo os agentes, na \u00e9poca, o criminoso era dono de uma escola e praticava o ato il\u00edcito com diversas crian\u00e7as.<\/p>\n\n\n\n<p>Ainda em 2022, o investigado retornou aos Estados Unidos da Am\u00e9rica, impossibilitando a sua pris\u00e3o. Nesta ter\u00e7a, ele foi capturado por agentes da especializada, que cumpriram um mandado de pris\u00e3o tempor\u00e1ria pela pr\u00e1tica do crime de estupro de vulner\u00e1vel.<\/p>\n\n\n\n<p><em><sup><strong>S\u00e3o Gon\u00e7alo Vai Mudar. O Maior Portal da Cidade.<\/strong><\/sup><\/em><\/p>\n\n\n\n<figure class=\"wp-block-image size-full\"><img decoding=\"async\" width=\"250\" height=\"87\" src=\"https:\/\/sgvaimudar.com.br\/wp-content\/uploads\/2023\/08\/cropped-Logo.png\" alt=\"\" class=\"wp-image-2739\" \/><\/figure>\n","protected":false},"excerpt":{"rendered":"<p>Os policiais civis da Delegacia de Repress\u00e3o aos Crimes de Inform\u00e1tica (DRCI) prenderam, nesta ter\u00e7a-feira (19\/11), um cidad\u00e3o norte-americano por&hellip;<\/p>\n","protected":false},"author":5,"featured_media":15584,"comment_status":"open","ping_status":"open","sticky":false,"template":"","format":"standard","meta":{"fifu_image_url":"","fifu_image_alt":"","footnotes":""},"categories":[32],"tags":[],"class_list":["post-15583","post","type-post","status-publish","format-standard","has-post-thumbnail","hentry","category-casos-de-policia"],"_links":{"self":[{"href":"https:\/\/sgvaimudar.com.br\/index.php\/wp-json\/wp\/v2\/posts\/15583","targetHints":{"allow":["GET"]}}],"collection":[{"href":"https:\/\/sgvaimudar.com.br\/index.php\/wp-json\/wp\/v2\/posts"}],"about":[{"href":"https:\/\/sgvaimudar.com.br\/index.php\/wp-json\/wp\/v2\/types\/post"}],"author":[{"embeddable":true,"href":"https:\/\/sgvaimudar.com.br\/index.php\/wp-json\/wp\/v2\/users\/5"}],"replies":[{"embeddable":true,"href":"https:\/\/sgvaimudar.com.br\/index.php\/wp-json\/wp\/v2\/comments?post=15583"}],"version-history":[{"count":1,"href":"https:\/\/sgvaimudar.com.br\/index.php\/wp-json\/wp\/v2\/posts\/15583\/revisions"}],"predecessor-version":[{"id":15585,"href":"https:\/\/sgvaimudar.com.br\/index.php\/wp-json\/wp\/v2\/posts\/15583\/revisions\/15585"}],"wp:featuredmedia":[{"embeddable":true,"href":"https:\/\/sgvaimudar.com.br\/index.php\/wp-json\/wp\/v2\/media\/15584"}],"wp:attachment":[{"href":"https:\/\/sgvaimudar.com.br\/index.php\/wp-json\/wp\/v2\/media?parent=15583"}],"wp:term":[{"taxonomy":"category","embeddable":true,"href":"https:\/\/sgvaimudar.com.br\/index.php\/wp-json\/wp\/v2\/categories?post=15583"},{"taxonomy":"post_tag","embeddable":true,"href":"https:\/\/sgvaimudar.com.br\/index.php\/wp-json\/wp\/v2\/tags?post=15583"}],"curies":[{"name":"wp","href":"https:\/\/api.w.org\/{rel}","templated":true}]}}