{"id":15564,"date":"2024-11-19T17:00:00","date_gmt":"2024-11-19T20:00:00","guid":{"rendered":"https:\/\/sgvaimudar.com.br\/?p=15564"},"modified":"2024-11-19T10:47:27","modified_gmt":"2024-11-19T13:47:27","slug":"avenida-22-de-maio-mais-mobilidade-lazer-e-qualidade-de-vida-para-itaborai","status":"publish","type":"post","link":"https:\/\/sgvaimudar.com.br\/index.php\/2024\/11\/19\/avenida-22-de-maio-mais-mobilidade-lazer-e-qualidade-de-vida-para-itaborai\/","title":{"rendered":"Avenida 22 de Maio: Mais Mobilidade, Lazer e Qualidade de Vida para Itabora\u00ed"},"content":{"rendered":"\n<p><em>O prefeito de Itabora\u00ed, Marcelo Delaroli, destacou a import\u00e2ncia da obra para o desenvolvimento do munic\u00edpio e enfatizou que o trabalho vai continuar<\/em><\/p>\n\n\n\n<p>A grande obra de transforma\u00e7\u00e3o da Avenida 22 de Maio j\u00e1 proporciona uma nova cara para a cidade de Itabora\u00ed. Com o objetivo de recuperar urbanisticamente, modernizar e otimizar as condi\u00e7\u00f5es de infraestrutura, a obra tamb\u00e9m visa garantir melhorias na mobilidade urbana nos mais de 10 km da principal via do munic\u00edpio, que vai do bairro da Reta at\u00e9 a Avenida S\u00e3o Miguel. <\/p>\n\n\n\n<figure class=\"wp-block-image size-large\"><img fetchpriority=\"high\" decoding=\"async\" width=\"1024\" height=\"682\" src=\"https:\/\/sgvaimudar.com.br\/wp-content\/uploads\/2024\/11\/Avenida-22-de-Maio-Mais-Mobilidade-Lazer-e-Qualidade-de-Vida-para-Itaborai-2-1024x682.jpeg\" alt=\"\" class=\"wp-image-15565\" srcset=\"https:\/\/sgvaimudar.com.br\/wp-content\/uploads\/2024\/11\/Avenida-22-de-Maio-Mais-Mobilidade-Lazer-e-Qualidade-de-Vida-para-Itaborai-2-1024x682.jpeg 1024w, https:\/\/sgvaimudar.com.br\/wp-content\/uploads\/2024\/11\/Avenida-22-de-Maio-Mais-Mobilidade-Lazer-e-Qualidade-de-Vida-para-Itaborai-2-300x200.jpeg 300w, https:\/\/sgvaimudar.com.br\/wp-content\/uploads\/2024\/11\/Avenida-22-de-Maio-Mais-Mobilidade-Lazer-e-Qualidade-de-Vida-para-Itaborai-2-768x512.jpeg 768w, https:\/\/sgvaimudar.com.br\/wp-content\/uploads\/2024\/11\/Avenida-22-de-Maio-Mais-Mobilidade-Lazer-e-Qualidade-de-Vida-para-Itaborai-2-1536x1023.jpeg 1536w, https:\/\/sgvaimudar.com.br\/wp-content\/uploads\/2024\/11\/Avenida-22-de-Maio-Mais-Mobilidade-Lazer-e-Qualidade-de-Vida-para-Itaborai-2.jpeg 1600w\" sizes=\"(max-width: 1024px) 100vw, 1024px\" \/><\/figure>\n\n\n\n<p>A Prefeitura destaca que essa obra \u00e9 fruto de uma parceria com o Governo do Estado do Rio de Janeiro, por meio do Termo de Coopera\u00e7\u00e3o T\u00e9cnica e ades\u00e3o ao Programa Governo Presente, com um investimento de quase 249 milh\u00f5es de reais. &#8220;O projeto contempla drenagem, pavimenta\u00e7\u00e3o e reurbaniza\u00e7\u00e3o da Avenida 22 de Maio, com 32% dos trabalhos j\u00e1 executados at\u00e9 o momento&#8221;, disse o Executivo no texto.<\/p>\n\n\n\n<figure class=\"wp-block-image size-large\"><img decoding=\"async\" width=\"1024\" height=\"682\" src=\"https:\/\/sgvaimudar.com.br\/wp-content\/uploads\/2024\/11\/Avenida-22-de-Maio-Mais-Mobilidade-Lazer-e-Qualidade-de-Vida-para-Itaborai-1024x682.jpeg\" alt=\"\" class=\"wp-image-15567\" srcset=\"https:\/\/sgvaimudar.com.br\/wp-content\/uploads\/2024\/11\/Avenida-22-de-Maio-Mais-Mobilidade-Lazer-e-Qualidade-de-Vida-para-Itaborai-1024x682.jpeg 1024w, https:\/\/sgvaimudar.com.br\/wp-content\/uploads\/2024\/11\/Avenida-22-de-Maio-Mais-Mobilidade-Lazer-e-Qualidade-de-Vida-para-Itaborai-300x200.jpeg 300w, https:\/\/sgvaimudar.com.br\/wp-content\/uploads\/2024\/11\/Avenida-22-de-Maio-Mais-Mobilidade-Lazer-e-Qualidade-de-Vida-para-Itaborai-768x512.jpeg 768w, https:\/\/sgvaimudar.com.br\/wp-content\/uploads\/2024\/11\/Avenida-22-de-Maio-Mais-Mobilidade-Lazer-e-Qualidade-de-Vida-para-Itaborai-1536x1023.jpeg 1536w, https:\/\/sgvaimudar.com.br\/wp-content\/uploads\/2024\/11\/Avenida-22-de-Maio-Mais-Mobilidade-Lazer-e-Qualidade-de-Vida-para-Itaborai.jpeg 1600w\" sizes=\"(max-width: 1024px) 100vw, 1024px\" \/><\/figure>\n\n\n\n<p>Ao final das obras, o munic\u00edpio contar\u00e1 com seis pistas, divididas por uma ciclovia e ecopontos modernos e tecnol\u00f3gicos. No bairro Outeiro das Pedras, a popula\u00e7\u00e3o poder\u00e1 usufruir de uma \u00e1rea projetada para o canteiro central da via, que contar\u00e1 com uma academia funcional, academia para a 3\u00aa idade, quadra de v\u00f4lei de areia, futmesa, skate Park e \u00e1rea com brinquedos infantis. <\/p>\n\n\n\n<p>Tamb\u00e9m est\u00e1 prevista uma \u00e1rea multiuso, com mesas de jogos como dama, biciclet\u00e1rio, ciclovia e pista de caminhada. No sentido Centro, logo ap\u00f3s o bairro Rio V\u00e1rzea, na altura da Vila Janete, a popula\u00e7\u00e3o ter\u00e1 \u00e0 disposi\u00e7\u00e3o uma grande \u00e1rea de conviv\u00eancia voltada para eventos de menor porte.<\/p>\n\n\n\n<p>Segundo o prefeito de Itabora\u00ed, Marcelo Delaroli, essa obra n\u00e3o \u00e9 apenas uma melhoria na infraestrutura, mas uma verdadeira transforma\u00e7\u00e3o na qualidade de vida da popula\u00e7\u00e3o de Itabora\u00ed. <\/p>\n\n\n\n<p>&#8220;Estamos criando um novo espa\u00e7o urbano, com mais seguran\u00e7a, mobilidade e lazer para todos os moradores. Itabora\u00ed est\u00e1 caminhando para um futuro mais moderno e acess\u00edvel, e a Avenida 22 de Maio ser\u00e1 o cart\u00e3o de visitas dessa nova fase. N\u00f3s seguimos trabalhando em busca de mais dignidade para o nosso povo e n\u00e3o vamos descansar at\u00e9 que cada cantinho de Itabora\u00ed seja transformado&#8221;, disse Marcelo Delaroli.<\/p>\n\n\n\n<p>As a\u00e7\u00f5es de mobilidade urbana envolvem importantes interven\u00e7\u00f5es e interse\u00e7\u00f5es, com a implanta\u00e7\u00e3o de ciclovias e ciclofaixas utilizando o canteiro central, al\u00e9m da constru\u00e7\u00e3o de uma ponte sobre o Rio Igu\u00e1, a recupera\u00e7\u00e3o de galeria sobre o Rio V\u00e1rzea, e o tratamento de interse\u00e7\u00f5es e conflitos de tr\u00e2nsito.<\/p>\n\n\n\n<p>O secret\u00e1rio municipal de Servi\u00e7os P\u00fablicos, Diogo Sperling, falou sobre os benef\u00edcios das interven\u00e7\u00f5es.<\/p>\n\n\n\n<p>&#8220;A cidade est\u00e1 sendo reestruturada com solu\u00e7\u00f5es modernas e sustent\u00e1veis, que v\u00e3o n\u00e3o s\u00f3 melhorar o tr\u00e2nsito, mas tamb\u00e9m promover o bem-estar da popula\u00e7\u00e3o. A recupera\u00e7\u00e3o da infraestrutura da Avenida 22 de Maio vai impactar positivamente a vida das pessoas, com mais seguran\u00e7a no tr\u00e2nsito e melhores condi\u00e7\u00f5es de mobilidade para todos&#8221;, explicou o secret\u00e1rio.<\/p>\n\n\n\n<p>Com foco na melhoria da infraestrutura urbana, as obras tamb\u00e9m incluem a execu\u00e7\u00e3o de redes de drenagem e esgoto, recupera\u00e7\u00e3o de pavimentos, moderniza\u00e7\u00e3o e reorganiza\u00e7\u00e3o dos pontos de paradas de \u00f4nibus, al\u00e9m de melhorias na ilumina\u00e7\u00e3o p\u00fablica e sinaliza\u00e7\u00e3o horizontal, vertical e semaf\u00f3rica.<\/p>\n\n\n\n<p>O deputado estadual Guilherme Delaroli, falou sobre a evolu\u00e7\u00e3o dessas obras e como esse trabalho valoriza Itabora\u00ed:<\/p>\n\n\n\n<p>&#8220;\u00c9 uma grande satisfa\u00e7\u00e3o ver o avan\u00e7o das obras de revitaliza\u00e7\u00e3o da Avenida 22 de Maio, que contam com um investimento de quase 249 milh\u00f5es de reais e que impacta positivamente a popula\u00e7\u00e3o de Itabora\u00ed. Estamos transformando mais de 6 km da principal avenida de nossa cidade para garantir mais seguran\u00e7a e qualidade de vida para todos. As obras contam com drenagem eficiente, pavimenta\u00e7\u00e3o de qualidade, sinaliza\u00e7\u00e3o, ilumina\u00e7\u00e3o e urbaniza\u00e7\u00e3o que valoriza nossa cidade e todos os itabora\u00edenses&#8221;, falou o deputado.<\/p>\n\n\n\n<p>No campo da reurbaniza\u00e7\u00e3o, as obras incluem a reestrutura\u00e7\u00e3o vi\u00e1ria com melhorias nas faixas da via principal e suas interse\u00e7\u00f5es, al\u00e9m de melhorias nas vias adjacentes, com foco na mobilidade de pedestres. A interven\u00e7\u00e3o tamb\u00e9m alcan\u00e7a a Avenida S\u00e3o Miguel e a Rua C\u00e9sar Xar\u00e1, com a implanta\u00e7\u00e3o de ciclovias e ciclofaixas, e a constru\u00e7\u00e3o de quiosques para oleiros. Tamb\u00e9m ser\u00e1 constru\u00edda uma pra\u00e7a de lazer \u00e0s margens da Avenida 22 de Maio, com tratamento paisag\u00edstico, acessibilidade e moderniza\u00e7\u00e3o do mobili\u00e1rio urbano.<\/p>\n\n\n\n<p>\u00c9 importante ressaltar que essas obras n\u00e3o s\u00f3 promovem mais qualidade de vida para a popula\u00e7\u00e3o, como tamb\u00e9m fazem parte de uma nova fase da hist\u00f3ria de Itabora\u00ed, que est\u00e1 se tornando uma cidade mais moderna, tecnol\u00f3gica e acess\u00edvel. Carlos Alberto, morador de Itabora\u00ed h\u00e1 mais de 30 anos, expressou sua felicidade ao falar sobre a transforma\u00e7\u00e3o do munic\u00edpio.<\/p>\n\n\n\n<p>&#8220;\u00c9 uma felicidade ver o Governo do Estado e a Prefeitura elaborando um trabalho t\u00e3o bom e que vai beneficiar a todos. Estamos muito agradecidos e esperamos que, nos pr\u00f3ximos quatro anos, essa gest\u00e3o d\u00ea continuidade \u00e0s melhorias na cidade, especialmente no bairro S\u00e3o Joaquim e adjac\u00eancias&#8221;, expressou o morador do bairro Joaquim de Oliveira.<\/p>\n\n\n\n<p>As obras de revitaliza\u00e7\u00e3o, drenagem, pavimenta\u00e7\u00e3o e reurbaniza\u00e7\u00e3o da Avenida 22 de Maio come\u00e7aram em mar\u00e7o de 2023 e t\u00eam previs\u00e3o de conclus\u00e3o para 2025.<\/p>\n\n\n\n<p><strong><em><sup>S\u00e3o Gon\u00e7alo Vai Mudar. O Maior Portal da Cidade.<\/sup><\/em><\/strong><\/p>\n\n\n\n<figure class=\"wp-block-image size-large\"><img decoding=\"async\" width=\"1024\" height=\"321\" src=\"https:\/\/sgvaimudar.com.br\/wp-content\/uploads\/2023\/08\/Logo-Provisoria-2-1024x321.png\" alt=\"\" class=\"wp-image-2777\" srcset=\"https:\/\/sgvaimudar.com.br\/wp-content\/uploads\/2023\/08\/Logo-Provisoria-2-1024x321.png 1024w, https:\/\/sgvaimudar.com.br\/wp-content\/uploads\/2023\/08\/Logo-Provisoria-2-300x94.png 300w, https:\/\/sgvaimudar.com.br\/wp-content\/uploads\/2023\/08\/Logo-Provisoria-2-768x241.png 768w, https:\/\/sgvaimudar.com.br\/wp-content\/uploads\/2023\/08\/Logo-Provisoria-2-1536x482.png 1536w, https:\/\/sgvaimudar.com.br\/wp-content\/uploads\/2023\/08\/Logo-Provisoria-2-2048x642.png 2048w\" sizes=\"(max-width: 1024px) 100vw, 1024px\" \/><\/figure>\n","protected":false},"excerpt":{"rendered":"<p>O prefeito de Itabora\u00ed, Marcelo Delaroli, destacou a import\u00e2ncia da obra para o desenvolvimento do munic\u00edpio e enfatizou que o&hellip;<\/p>\n","protected":false},"author":5,"featured_media":15566,"comment_status":"open","ping_status":"open","sticky":false,"template":"","format":"standard","meta":{"fifu_image_url":"","fifu_image_alt":"","footnotes":""},"categories":[3],"tags":[],"class_list":["post-15564","post","type-post","status-publish","format-standard","has-post-thumbnail","hentry","category-sao-goncalo"],"_links":{"self":[{"href":"https:\/\/sgvaimudar.com.br\/index.php\/wp-json\/wp\/v2\/posts\/15564","targetHints":{"allow":["GET"]}}],"collection":[{"href":"https:\/\/sgvaimudar.com.br\/index.php\/wp-json\/wp\/v2\/posts"}],"about":[{"href":"https:\/\/sgvaimudar.com.br\/index.php\/wp-json\/wp\/v2\/types\/post"}],"author":[{"embeddable":true,"href":"https:\/\/sgvaimudar.com.br\/index.php\/wp-json\/wp\/v2\/users\/5"}],"replies":[{"embeddable":true,"href":"https:\/\/sgvaimudar.com.br\/index.php\/wp-json\/wp\/v2\/comments?post=15564"}],"version-history":[{"count":1,"href":"https:\/\/sgvaimudar.com.br\/index.php\/wp-json\/wp\/v2\/posts\/15564\/revisions"}],"predecessor-version":[{"id":15568,"href":"https:\/\/sgvaimudar.com.br\/index.php\/wp-json\/wp\/v2\/posts\/15564\/revisions\/15568"}],"wp:featuredmedia":[{"embeddable":true,"href":"https:\/\/sgvaimudar.com.br\/index.php\/wp-json\/wp\/v2\/media\/15566"}],"wp:attachment":[{"href":"https:\/\/sgvaimudar.com.br\/index.php\/wp-json\/wp\/v2\/media?parent=15564"}],"wp:term":[{"taxonomy":"category","embeddable":true,"href":"https:\/\/sgvaimudar.com.br\/index.php\/wp-json\/wp\/v2\/categories?post=15564"},{"taxonomy":"post_tag","embeddable":true,"href":"https:\/\/sgvaimudar.com.br\/index.php\/wp-json\/wp\/v2\/tags?post=15564"}],"curies":[{"name":"wp","href":"https:\/\/api.w.org\/{rel}","templated":true}]}}