{"id":15513,"date":"2024-11-18T21:00:00","date_gmt":"2024-11-19T00:00:00","guid":{"rendered":"https:\/\/sgvaimudar.com.br\/?p=15513"},"modified":"2024-11-18T10:41:59","modified_gmt":"2024-11-18T13:41:59","slug":"violencia-contra-a-mulher-foi-tema-de-evento-no-espaco-conhecimento","status":"publish","type":"post","link":"https:\/\/sgvaimudar.com.br\/index.php\/2024\/11\/18\/violencia-contra-a-mulher-foi-tema-de-evento-no-espaco-conhecimento\/","title":{"rendered":"Viol\u00eancia contra a mulher foi tema de evento no Espa\u00e7o + Conhecimento"},"content":{"rendered":"\n<p><em>Desembargador Wagner Cinelli palestrou para estudantes e mulheres gon\u00e7alenses<\/em><\/p>\n\n\n\n<p>A viol\u00eancia contra a mulher foi debatido atrav\u00e9s do evento Letrartes Mulher: Letras e Artes pela paz no lar, com Desembargador do Tribunal de Justi\u00e7a do Estado do Rio de Janeiro (TJRJ), Wagner Cinelli. O evento foi realizado pela subsecretaria de Pol\u00edticas P\u00fablicas para as Mulheres, no Espa\u00e7o + Conhecimento do Partage Shopping, Centro.<\/p>\n\n\n\n<p>O evento fez parte da programa\u00e7\u00e3o dos 21 dias de ativismo pelo fim da viol\u00eancia contra as mulheres. Adolescentes do Col\u00e9gio Municipal Presidente Castello Branco, Col\u00e9gio Estadual Vital Brazil, mulheres que participam do Lidera Mulher e agentes da Ronda Maria da Penha, da Guarda Municipal, que lotaram o espa\u00e7o para refor\u00e7ar o di\u00e1logo a partir do qual se tra\u00e7a estrat\u00e9gias educativas que previnam \u00e0 viol\u00eancia de g\u00eanero contra a mulher.<\/p>\n\n\n\n<p>E tamb\u00e9m propor um debate mais amplo sobre os direitos e a desigualdade de g\u00eanero e incentivar a leitura, destacando os aspectos culturais acerca da viol\u00eancia dom\u00e9stica contra a mulher e os caminhos poss\u00edveis de enfrentamento.<\/p>\n\n\n\n<p>\u201cHoje tamb\u00e9m estou aqui para aprender com o Dr. Wagner, que disponibilizou seu tempo para essa palestra t\u00e3o importante para a gente de S\u00e3o Gon\u00e7alo. Agrade\u00e7o a essa parceria intermediada pela subsecret\u00e1ria Ana Cristina com o desembargador\u201d, disse o secret\u00e1rio de Assist\u00eancia Social, Felippe Mattos.<\/p>\n\n\n\n<p>O desembargador apresentou o livro \u201c\u00daltimo dia\u201d, de sua autoria, uma dramaturgia que aborda uma rela\u00e7\u00e3o abusiva. Todos os participantes foram presenteados com um exemplar do seu livro.<\/p>\n\n\n\n<p>\u201cSendo os jovens o futuro da nossa Sociedade, acredito que o processo de mudan\u00e7a perpassa pela educa\u00e7\u00e3o e come\u00e7a na base da juventude, demonstrando a import\u00e2ncia desse evento para que os \u00edndices de viol\u00eancia dom\u00e9stica venham a ter uma expressiva decrescente\u201d disse Ana Cristina da Silva, Subsecret\u00e1ria de Pol\u00edticas P\u00fablicas para as Mulheres.<\/p>\n\n\n\n<p>Tamb\u00e9m foi exibido o curta-metragem animado \u201cSobre Ela\u201d, produzido e dirigido pelo desembargador Wagner Cinelli, com intuito de introduzir a discuss\u00e3o sobre a tem\u00e1tica da viol\u00eancia de g\u00eanero.<\/p>\n\n\n\n<p>\u201c\u00c9 fundamental conversar sobre esse tema, em um processo de conscientiza\u00e7\u00e3o coletiva, para uma preven\u00e7\u00e3o e que a juventude que est\u00e1 aqui presente, possa identificar quando entrar em uma rela\u00e7\u00e3o que tenha elementos de abusividade, identificando logo no in\u00edcio, sem esperar aquilo amadurecer\u201d, disse o desembargador Wagner Cinelli.<\/p>\n\n\n\n<p>Os pr\u00f3ximos eventos em S\u00e3o Gon\u00e7alo sobre os 21 dias de ativismo pelo fim da viol\u00eancia contra as mulheres em S\u00e3o Gon\u00e7alo, ser\u00e3o os seguintes: no dia 26 de novembro, a subsecretaria de Pol\u00edticas P\u00fablicas para as Mulheres vai realizar uma grande aula de gin\u00e1stica, \u00e0s 9h, no shopping P\u00e1tio Alc\u00e2ntara, seguida por uma palestra sobre ativismo feminino e luta por direitos. <\/p>\n\n\n\n<p>No dia 27 de novembro, \u00e0s 9h30, haver\u00e1 uma palestra sobre viol\u00eancia dom\u00e9stica realizada por profissionais do Centro Especial de Orienta\u00e7\u00e3o \u00c0 Mulher Zuzu Angel (CEOM), no Centro de Inclus\u00e3o Municipal Hellen Keller (CIM), no Vila Lage.<\/p>\n\n\n\n<p>E, no dia 6 de dezembro, para encerrar a programa\u00e7\u00e3o da campanha, ser\u00e1 concedida uma palestra em alus\u00e3o ao Dia Internacional dos Direitos Humanos, no Centro Especial de Orienta\u00e7\u00e3o \u00c0 Mulher Zuzu Angel (CEOM), em Neves, \u00e0s 14h.<\/p>\n\n\n\n<p>A iniciativa faz parte de um movimento internacional, que teve in\u00edcio em 1991 com 23 mulheres ativistas do Instituto de Lideran\u00e7a Global das Mulheres, cujo objetivo \u00e9 divulgar dados e incentivar organiza\u00e7\u00f5es a fazerem campanhas de conscientiza\u00e7\u00e3o e de mobiliza\u00e7\u00e3o pelo fim da viol\u00eancia contra a mulher.<\/p>\n\n\n\n<p>No Brasil, a campanha tem in\u00edcio no dia 20 de novembro, Dia da Consci\u00eancia Negra, considerando a dupla vulnerabilidade da mulher negra e, por isso, aqui \u00e9 chamada de \u201c21 Dias de Ativismo pelo fim da Viol\u00eancia Contra as Mulheres\u201d e finaliza dia 10 de dezembro, no Dia Internacional dos Direitos Humanos.<\/p>\n\n\n\n<p><em>Fonte: O Dia<\/em><\/p>\n\n\n\n<figure class=\"wp-block-image size-large\"><img fetchpriority=\"high\" decoding=\"async\" width=\"1024\" height=\"321\" src=\"https:\/\/sgvaimudar.com.br\/wp-content\/uploads\/2023\/08\/Logo-Provisoria-2-1024x321.png\" alt=\"\" class=\"wp-image-2777\" srcset=\"https:\/\/sgvaimudar.com.br\/wp-content\/uploads\/2023\/08\/Logo-Provisoria-2-1024x321.png 1024w, https:\/\/sgvaimudar.com.br\/wp-content\/uploads\/2023\/08\/Logo-Provisoria-2-300x94.png 300w, https:\/\/sgvaimudar.com.br\/wp-content\/uploads\/2023\/08\/Logo-Provisoria-2-768x241.png 768w, https:\/\/sgvaimudar.com.br\/wp-content\/uploads\/2023\/08\/Logo-Provisoria-2-1536x482.png 1536w, https:\/\/sgvaimudar.com.br\/wp-content\/uploads\/2023\/08\/Logo-Provisoria-2-2048x642.png 2048w\" sizes=\"(max-width: 1024px) 100vw, 1024px\" \/><\/figure>\n","protected":false},"excerpt":{"rendered":"<p>Desembargador Wagner Cinelli palestrou para estudantes e mulheres gon\u00e7alenses A viol\u00eancia contra a mulher foi debatido atrav\u00e9s do evento Letrartes&hellip;<\/p>\n","protected":false},"author":5,"featured_media":15514,"comment_status":"open","ping_status":"open","sticky":false,"template":"","format":"standard","meta":{"fifu_image_url":"","fifu_image_alt":"","footnotes":""},"categories":[3],"tags":[],"class_list":["post-15513","post","type-post","status-publish","format-standard","has-post-thumbnail","hentry","category-sao-goncalo"],"_links":{"self":[{"href":"https:\/\/sgvaimudar.com.br\/index.php\/wp-json\/wp\/v2\/posts\/15513","targetHints":{"allow":["GET"]}}],"collection":[{"href":"https:\/\/sgvaimudar.com.br\/index.php\/wp-json\/wp\/v2\/posts"}],"about":[{"href":"https:\/\/sgvaimudar.com.br\/index.php\/wp-json\/wp\/v2\/types\/post"}],"author":[{"embeddable":true,"href":"https:\/\/sgvaimudar.com.br\/index.php\/wp-json\/wp\/v2\/users\/5"}],"replies":[{"embeddable":true,"href":"https:\/\/sgvaimudar.com.br\/index.php\/wp-json\/wp\/v2\/comments?post=15513"}],"version-history":[{"count":1,"href":"https:\/\/sgvaimudar.com.br\/index.php\/wp-json\/wp\/v2\/posts\/15513\/revisions"}],"predecessor-version":[{"id":15515,"href":"https:\/\/sgvaimudar.com.br\/index.php\/wp-json\/wp\/v2\/posts\/15513\/revisions\/15515"}],"wp:featuredmedia":[{"embeddable":true,"href":"https:\/\/sgvaimudar.com.br\/index.php\/wp-json\/wp\/v2\/media\/15514"}],"wp:attachment":[{"href":"https:\/\/sgvaimudar.com.br\/index.php\/wp-json\/wp\/v2\/media?parent=15513"}],"wp:term":[{"taxonomy":"category","embeddable":true,"href":"https:\/\/sgvaimudar.com.br\/index.php\/wp-json\/wp\/v2\/categories?post=15513"},{"taxonomy":"post_tag","embeddable":true,"href":"https:\/\/sgvaimudar.com.br\/index.php\/wp-json\/wp\/v2\/tags?post=15513"}],"curies":[{"name":"wp","href":"https:\/\/api.w.org\/{rel}","templated":true}]}}