{"id":15510,"date":"2024-11-18T19:00:00","date_gmt":"2024-11-18T22:00:00","guid":{"rendered":"https:\/\/sgvaimudar.com.br\/?p=15510"},"modified":"2024-11-18T10:34:59","modified_gmt":"2024-11-18T13:34:59","slug":"artista-afroamazonida-se-apresenta-no-sesc","status":"publish","type":"post","link":"https:\/\/sgvaimudar.com.br\/index.php\/2024\/11\/18\/artista-afroamazonida-se-apresenta-no-sesc\/","title":{"rendered":"Artista Afroamaz\u00f4nida\u00a0se apresenta no Sesc"},"content":{"rendered":"\n<p><em>Cantor paraense Jeff Moraes apresenta o \u00e1lbum tambor &amp; Beat<\/em><\/p>\n\n\n\n<p>Os gon\u00e7alenses, nesta semana, ter\u00e3o a oportunidade de assistir um misto de sonoridades amaz\u00f4nicas com influ\u00eancias pop no show \u201ctambor &amp; Beat\u201d, do multiartista paraense, Jeff Moraes. <\/p>\n\n\n\n<p>Os shows acontecem\u00a0no circuito de Sescs, incluindo\u00a0S\u00e3o Gon\u00e7alo ser\u00e1 na sexta-feira (22), \u00e0s 19h, a pre\u00e7o populares. Entre os sucessos, o \u00faltimo single lan\u00e7ado pelo artista, Jamb\u00fa &amp; Dend\u00ea, que promete fazer o p\u00fablico dan\u00e7ar muito com a mistura das influ\u00eancias paraenses com o pagod\u00e3o baiano.<\/p>\n\n\n\n<p>Esta \u00e9 a primeira vez que o cantor se apresenta no sudeste do pa\u00eds com a banda completa, m\u00fasicos e os bailarinos paraenses que o acompanham. Jeff j\u00e1 se apresentou em S\u00e3o Paulo, no Sim Festival, no Rio de Janeiro, no Carnaval de Salvador &#8211; ao lado de Carlinhos Brown e Iza -, e tamb\u00e9m no teatro Castro Alves.<\/p>\n\n\n\n<p>Em Bel\u00e9m, sua cidade natal, o artista vem construindo uma s\u00f3lida carreira de mais de dez anos de percurso. \u201cTambor &amp; Beat&#8221; \u00e9 seu primeiro \u00e1lbum lan\u00e7ado e j\u00e1 \u00e9 sucesso na Amaz\u00f4nia paraense, marcando presen\u00e7a em todos os grandes festivais da regi\u00e3o, al\u00e9m de estar sempre nas telas da TV do estado, como o projeto \u201cSampleados&#8221;. O epis\u00f3dio em que Jeff participa viralizou, alcan\u00e7ou a marca de mais de um milh\u00e3o de visualiza\u00e7\u00f5es.<\/p>\n\n\n\n<p>Carimb\u00f3, guitarrada e marabaixo, combinados com os beats, s\u00e3o alguns dos sons que podem ser encontrados no show que Jeff vai apresentar no Rio de Janeiro, que tem o apoio do edital de Cultura Pulsar do Sesc: \u201cAcho que essa turn\u00ea do disco \u00e9 um passo important\u00edssimo para a minha carreira nacional. Levar a m\u00fasica pop e fazer m\u00fasica preta da Amaz\u00f4nia s\u00e3o elementos que eu busco promover na minha arte\u201d, afirma o cantor.<\/p>\n\n\n\n<p>Al\u00e9m dos quatro shows do Sesc, Jeff tem outras agendas no Sudeste. Dia 29 o cantor se apresenta na festa J\u2019Treme, em S\u00e3o Paulo, e tamb\u00e9m estar\u00e1 no Pr\u00eamio Multishow, como integrante da Academia.<\/p>\n\n\n\n<p><strong>SOBRE O ARTISTA <\/strong>&#8211; Jeff Moraes \u00e9 um artista multim\u00eddia afroamaz\u00f4nida. Nascido na capital paraense e oriundo da Pedreira, um bairro perif\u00e9rico de Bel\u00e9m, a sua carreira se iniciou em meados de 2008, quando as chamadas batucadas e ocupa\u00e7\u00f5es estouraram na cidade. Fruto das manifesta\u00e7\u00f5es populares e do teatro de rua, Jeff tem o in\u00edcio da sua trajet\u00f3ria marcado por letras que exaltam a negritude e tamb\u00e9m abordam temas sens\u00edveis como o genoc\u00eddio da juventude preta.<\/p>\n\n\n\n<p>Ap\u00f3s 2020, Jeff entra em uma nova fase misturando beats, abordando temas como o afeto gay e dan\u00e7ando no palco com um corpo de baile, em uma postura mais pop. Em 2021, lan\u00e7ou o primeiro \u00e1lbum da carreira chamado Tambor &amp; Beat. E no ano de 2022 circulou com a turn\u00ea no 5\u00ba Festival Marajoara de Cultura Amaz\u00f4nica, em Soure e em Altamira, no VIII Festival Can\u00e7\u00e3o da Transamaz\u00f4nica (FECANT), em Bragan\u00e7a e em Bel\u00e9m.<\/p>\n\n\n\n<p>Tamb\u00e9m em 2022, lan\u00e7ou o DVD do show do \u00e1lbum Tambor &amp; Beat, gravado no Teatro Waldemar Henrique. A apresenta\u00e7\u00e3o de lan\u00e7amento aconteceu na Feira do A\u00e7a\u00ed, espa\u00e7o p\u00fablico da capital paraense que re\u00fane bo\u00eamia e trabalhadores da cidade, remontando a trajet\u00f3ria de Jeff Moraes e suas origens nas batucadas das ruas e pra\u00e7as de Bel\u00e9m.<\/p>\n\n\n\n<p>No come\u00e7o do ano de 2023, o cantor se apresentou na noite Se Rasgum, na programa\u00e7\u00e3o da SIM S\u00e3o Paulo. No carnaval do mesmo ano, Jeff fez sua estreia em Salvador, no circuito Barra-Ondina, ao lado de Carlinhos Brown e Iza, no bloco da Foliassa, da Devassa. Em junho, fez parte da programa\u00e7\u00e3o da Virada Cultural de S\u00e3o Paulo. Em novembro de 2022, tocou no teatro Castro Alves, no evento \u201cNovembro Negro\u201d, ao lado de cantoras nacionais como Iza e Rachel Reis. No mesmo ano, o cantor se lan\u00e7ou no ramo do empreendedorismo e criou o bloco de carnaval \u201cMinha Boca Treme\u201d.<\/p>\n\n\n\n<p>A festa se inicia com um cortejo cultural pelas ruas do bairro da Cidade Velha que envolve pernaltas, m\u00fasicas autorais do norte e uma bike som. Atualmente, o artista \u00e9 membro da Academia Pr\u00eamio Multishow. Durante o ano de 2024, o cantor se apresentou em in\u00fameros festivais, incluindo a Semana dos Povos Ind\u00edgenas. E participar\u00e1 pela segunda vez do Psica, o maior festival do norte do pa\u00eds. Formado pela Escola de Teatro e Dan\u00e7a da UFPA, com habilita\u00e7\u00e3o em Teatro, Jeff atua em diversas linguagens art\u00edsticas como a m\u00fasica e o audiovisual.<\/p>\n\n\n\n<p>S\u00e3o 10 anos de carreira, 3 videoclipes lan\u00e7ados, 14 mil seguidores no Instagram, mais de 1500 inscritos no canal do Youtube, e mais de 20 composi\u00e7\u00f5es, inclusive gravadas por outros artistas. Sua obra est\u00e1 dispon\u00edvel nas plataformas digitais como Spotify e Youtube.<\/p>\n\n\n\n<p><\/p>\n","protected":false},"excerpt":{"rendered":"<p>Cantor paraense Jeff Moraes apresenta o \u00e1lbum tambor &amp; Beat Os gon\u00e7alenses, nesta semana, ter\u00e3o a oportunidade de assistir um&hellip;<\/p>\n","protected":false},"author":5,"featured_media":15511,"comment_status":"open","ping_status":"open","sticky":false,"template":"","format":"standard","meta":{"fifu_image_url":"","fifu_image_alt":"","footnotes":""},"categories":[6],"tags":[],"class_list":["post-15510","post","type-post","status-publish","format-standard","has-post-thumbnail","hentry","category-entretenimento"],"_links":{"self":[{"href":"https:\/\/sgvaimudar.com.br\/index.php\/wp-json\/wp\/v2\/posts\/15510","targetHints":{"allow":["GET"]}}],"collection":[{"href":"https:\/\/sgvaimudar.com.br\/index.php\/wp-json\/wp\/v2\/posts"}],"about":[{"href":"https:\/\/sgvaimudar.com.br\/index.php\/wp-json\/wp\/v2\/types\/post"}],"author":[{"embeddable":true,"href":"https:\/\/sgvaimudar.com.br\/index.php\/wp-json\/wp\/v2\/users\/5"}],"replies":[{"embeddable":true,"href":"https:\/\/sgvaimudar.com.br\/index.php\/wp-json\/wp\/v2\/comments?post=15510"}],"version-history":[{"count":1,"href":"https:\/\/sgvaimudar.com.br\/index.php\/wp-json\/wp\/v2\/posts\/15510\/revisions"}],"predecessor-version":[{"id":15512,"href":"https:\/\/sgvaimudar.com.br\/index.php\/wp-json\/wp\/v2\/posts\/15510\/revisions\/15512"}],"wp:featuredmedia":[{"embeddable":true,"href":"https:\/\/sgvaimudar.com.br\/index.php\/wp-json\/wp\/v2\/media\/15511"}],"wp:attachment":[{"href":"https:\/\/sgvaimudar.com.br\/index.php\/wp-json\/wp\/v2\/media?parent=15510"}],"wp:term":[{"taxonomy":"category","embeddable":true,"href":"https:\/\/sgvaimudar.com.br\/index.php\/wp-json\/wp\/v2\/categories?post=15510"},{"taxonomy":"post_tag","embeddable":true,"href":"https:\/\/sgvaimudar.com.br\/index.php\/wp-json\/wp\/v2\/tags?post=15510"}],"curies":[{"name":"wp","href":"https:\/\/api.w.org\/{rel}","templated":true}]}}