{"id":15507,"date":"2024-11-18T17:00:00","date_gmt":"2024-11-18T20:00:00","guid":{"rendered":"https:\/\/sgvaimudar.com.br\/?p=15507"},"modified":"2024-11-18T10:28:08","modified_gmt":"2024-11-18T13:28:08","slug":"luciano-mattos-recebe-o-titulo-de-cidadao-honorario-do-municipio-do-rio-e-a-medalha-pedro-ernesto-da-camara-de-vereadores","status":"publish","type":"post","link":"https:\/\/sgvaimudar.com.br\/index.php\/2024\/11\/18\/luciano-mattos-recebe-o-titulo-de-cidadao-honorario-do-municipio-do-rio-e-a-medalha-pedro-ernesto-da-camara-de-vereadores\/","title":{"rendered":"Luciano Mattos recebe o t\u00edtulo de Cidad\u00e3o Honor\u00e1rio do Munic\u00edpio do Rio e a Medalha Pedro Ernesto da C\u00e2mara de Vereadores"},"content":{"rendered":"\n<p>O procurador-geral de Justi\u00e7a, Luciano Mattos, recebeu na ter\u00e7a-feira (12\/11), no plen\u00e1rio da C\u00e2mara de Vereadores do Rio de Janeiro, o t\u00edtulo de Cidad\u00e3o Honor\u00e1rio do Munic\u00edpio do Rio de Janeiro e a Medalha Pedro Ernesto. O presidente da Casa, Carlo Caiado, foi o respons\u00e1vel pela entrega da comenda e pela iniciativa de conceder o t\u00edtulo ao PGJ, em conjunto com os integrantes da Mesa Diretora da C\u00e2mara, os vereadores T\u00e2nia Bastos e Rafael Alo\u00edsio Freitas.<\/p>\n\n\n\n<p>\u201cEste \u00e9 um reconhecimento por todo o trabalho desenvolvido em minha carreira e, por isso, eu agrade\u00e7o a homenagem do vereador Carlo Caiado e da C\u00e2mara de Vereadores. Toda a minha carreira no Minist\u00e9rio P\u00fablico do Estado do Rio de Janeiro (MPRJ) ou \u00e0 frente da Associa\u00e7\u00e3o do MPRJ (Amperj) foi forjada nas dificuldades. Mas, nas Comarcas onde atuei, sou lembrado pela popula\u00e7\u00e3o. E isso \u00e9 um patrim\u00f4nio imaterial. Sempre cumpri meu dever com muita dedica\u00e7\u00e3o e agrade\u00e7o muito o apoio da minha fam\u00edlia, aqui presente, que esteve ao meu lado em todos os momentos. Tenho orgulho do que conquistei nestes 32 anos de MPRJ, iniciados ainda como servidor da Institui\u00e7\u00e3o\u201d, afirmou Luciano.<\/p>\n\n\n\n<p>Carlo Caiado destacou o esp\u00edrito p\u00fablico do homenageado. \u201cEste \u00e9 o reconhecimento da C\u00e2mara de Vereadores do Rio a um exemplo de homem p\u00fablico, servidor de carreira de uma institui\u00e7\u00e3o que \u00e9 um dos pilares da nossa sociedade, e que se faz muito bem representada nos dias de hoje\u201d, destacou o presidente da Casa.<\/p>\n\n\n\n<p>A mesa da cerim\u00f4nia foi composta por Caiado, pelo corregedor-geral do MPRJ, Ricardo Ribeiro Martins, pelo presidente do Tribunal Regional Eleitoral do Rio de Janeiro (TRE-RJ), desembargador Henrique Figueira, pela defensora-p\u00fablica geral do Estado do Rio de Janeiro, Patr\u00edcia Cardoso Maciel Tavares, pelo procurador-geral do Munic\u00edpio do Rio de Janeiro, Daniel Bucar, e pelo presidente da Ordem dos Advogados do Brasil, seccional Rio de Janeiro (OAB-RJ), Luciano Bandeira.<\/p>\n\n\n\n<p>Estiveram presentes \u00e0 cerim\u00f4nia, pelo MPRJ, os procuradores de Justi\u00e7a Eduardo Lima Neto, Marlon Oberst Cordovil, Edil\u00e9a Cesario, Ana Cristina Lesqueves e Roberto Moura Costa Soares, e os promotores de Justi\u00e7a Andrezza Can\u00e7ado, F\u00e1bio Correa, Victor Miceli, David Faria, Eduardo Morais Martins, Roberto Goes e Adriana Alemany.<\/p>\n\n\n\n<p><strong><em><sub>S\u00e3o Gon\u00e7alo Vai Mudar. O Maior Portal da Cidade.<\/sub><\/em><\/strong><\/p>\n\n\n\n<figure class=\"wp-block-image size-large\"><img fetchpriority=\"high\" decoding=\"async\" width=\"1024\" height=\"321\" src=\"https:\/\/sgvaimudar.com.br\/wp-content\/uploads\/2023\/08\/Logo-Provisoria-2-1024x321.png\" alt=\"\" class=\"wp-image-2777\" srcset=\"https:\/\/sgvaimudar.com.br\/wp-content\/uploads\/2023\/08\/Logo-Provisoria-2-1024x321.png 1024w, https:\/\/sgvaimudar.com.br\/wp-content\/uploads\/2023\/08\/Logo-Provisoria-2-300x94.png 300w, https:\/\/sgvaimudar.com.br\/wp-content\/uploads\/2023\/08\/Logo-Provisoria-2-768x241.png 768w, https:\/\/sgvaimudar.com.br\/wp-content\/uploads\/2023\/08\/Logo-Provisoria-2-1536x482.png 1536w, https:\/\/sgvaimudar.com.br\/wp-content\/uploads\/2023\/08\/Logo-Provisoria-2-2048x642.png 2048w\" sizes=\"(max-width: 1024px) 100vw, 1024px\" \/><\/figure>\n\n\n\n<p><\/p>\n","protected":false},"excerpt":{"rendered":"<p>O procurador-geral de Justi\u00e7a, Luciano Mattos, recebeu na ter\u00e7a-feira (12\/11), no plen\u00e1rio da C\u00e2mara de Vereadores do Rio de Janeiro,&hellip;<\/p>\n","protected":false},"author":5,"featured_media":15508,"comment_status":"open","ping_status":"open","sticky":false,"template":"","format":"standard","meta":{"fifu_image_url":"","fifu_image_alt":"","footnotes":""},"categories":[34],"tags":[],"class_list":["post-15507","post","type-post","status-publish","format-standard","has-post-thumbnail","hentry","category-niteroi"],"_links":{"self":[{"href":"https:\/\/sgvaimudar.com.br\/index.php\/wp-json\/wp\/v2\/posts\/15507","targetHints":{"allow":["GET"]}}],"collection":[{"href":"https:\/\/sgvaimudar.com.br\/index.php\/wp-json\/wp\/v2\/posts"}],"about":[{"href":"https:\/\/sgvaimudar.com.br\/index.php\/wp-json\/wp\/v2\/types\/post"}],"author":[{"embeddable":true,"href":"https:\/\/sgvaimudar.com.br\/index.php\/wp-json\/wp\/v2\/users\/5"}],"replies":[{"embeddable":true,"href":"https:\/\/sgvaimudar.com.br\/index.php\/wp-json\/wp\/v2\/comments?post=15507"}],"version-history":[{"count":1,"href":"https:\/\/sgvaimudar.com.br\/index.php\/wp-json\/wp\/v2\/posts\/15507\/revisions"}],"predecessor-version":[{"id":15509,"href":"https:\/\/sgvaimudar.com.br\/index.php\/wp-json\/wp\/v2\/posts\/15507\/revisions\/15509"}],"wp:featuredmedia":[{"embeddable":true,"href":"https:\/\/sgvaimudar.com.br\/index.php\/wp-json\/wp\/v2\/media\/15508"}],"wp:attachment":[{"href":"https:\/\/sgvaimudar.com.br\/index.php\/wp-json\/wp\/v2\/media?parent=15507"}],"wp:term":[{"taxonomy":"category","embeddable":true,"href":"https:\/\/sgvaimudar.com.br\/index.php\/wp-json\/wp\/v2\/categories?post=15507"},{"taxonomy":"post_tag","embeddable":true,"href":"https:\/\/sgvaimudar.com.br\/index.php\/wp-json\/wp\/v2\/tags?post=15507"}],"curies":[{"name":"wp","href":"https:\/\/api.w.org\/{rel}","templated":true}]}}