{"id":15504,"date":"2024-11-18T15:00:00","date_gmt":"2024-11-18T18:00:00","guid":{"rendered":"https:\/\/sgvaimudar.com.br\/?p=15504"},"modified":"2024-11-18T10:23:13","modified_gmt":"2024-11-18T13:23:13","slug":"carro-alugado-pelo-governo-federal-para-o-g20-e-roubado-na-baixada-fluminense","status":"publish","type":"post","link":"https:\/\/sgvaimudar.com.br\/index.php\/2024\/11\/18\/carro-alugado-pelo-governo-federal-para-o-g20-e-roubado-na-baixada-fluminense\/","title":{"rendered":"Carro alugado pelo governo federal para o G20 \u00e9 roubado na Baixada Fluminense"},"content":{"rendered":"\n<p><em>Ve\u00edculo que seria utilizado por comitiva do governo brasileiro do G20 foi levado por criminosos em S\u00e3o Jo\u00e3o de Meriti<\/em><\/p>\n\n\n\n<p>Um carro alugado pelo governo federal para participar do G20 foi roubado em S\u00e3o Jo\u00e3o de Meriti, na Baixada Fluminense, na noite deste s\u00e1bado (16). Segundo o motorista, o ve\u00edculo particular, alugado em uma locadora, foi roubado quando ele retornava para sua casa, no munic\u00edpio de S\u00e3o Jo\u00e3o de Meriti.<\/p>\n\n\n\n<p>O motorista informou que o autom\u00f3vel prestava servi\u00e7o para um integrante da comitiva do governo federal. O carro foi recuperado por policiais civis e militares no Complexo do Chapad\u00e3o. Agentes realizam dilig\u00eancias para identificar os autores.<\/p>\n\n\n\n<p>A investiga\u00e7\u00e3o est\u00e1 em andamento na 64\u00aa DP (S\u00e3o Jo\u00e3o de Meriti).<\/p>\n\n\n\n<p><strong><em><sub>S\u00e3o Gon\u00e7alo Vai Mudar. O Maior Portal da Cidade.<\/sub><\/em><\/strong><\/p>\n\n\n\n<figure class=\"wp-block-image size-full\"><img decoding=\"async\" width=\"250\" height=\"87\" src=\"https:\/\/sgvaimudar.com.br\/wp-content\/uploads\/2023\/08\/cropped-Logo.png\" alt=\"\" class=\"wp-image-2739\" \/><\/figure>\n\n\n\n<p><\/p>\n","protected":false},"excerpt":{"rendered":"<p>Ve\u00edculo que seria utilizado por comitiva do governo brasileiro do G20 foi levado por criminosos em S\u00e3o Jo\u00e3o de Meriti&hellip;<\/p>\n","protected":false},"author":5,"featured_media":15505,"comment_status":"open","ping_status":"open","sticky":false,"template":"","format":"standard","meta":{"fifu_image_url":"","fifu_image_alt":"","footnotes":""},"categories":[32],"tags":[],"class_list":["post-15504","post","type-post","status-publish","format-standard","has-post-thumbnail","hentry","category-casos-de-policia"],"_links":{"self":[{"href":"https:\/\/sgvaimudar.com.br\/index.php\/wp-json\/wp\/v2\/posts\/15504","targetHints":{"allow":["GET"]}}],"collection":[{"href":"https:\/\/sgvaimudar.com.br\/index.php\/wp-json\/wp\/v2\/posts"}],"about":[{"href":"https:\/\/sgvaimudar.com.br\/index.php\/wp-json\/wp\/v2\/types\/post"}],"author":[{"embeddable":true,"href":"https:\/\/sgvaimudar.com.br\/index.php\/wp-json\/wp\/v2\/users\/5"}],"replies":[{"embeddable":true,"href":"https:\/\/sgvaimudar.com.br\/index.php\/wp-json\/wp\/v2\/comments?post=15504"}],"version-history":[{"count":1,"href":"https:\/\/sgvaimudar.com.br\/index.php\/wp-json\/wp\/v2\/posts\/15504\/revisions"}],"predecessor-version":[{"id":15506,"href":"https:\/\/sgvaimudar.com.br\/index.php\/wp-json\/wp\/v2\/posts\/15504\/revisions\/15506"}],"wp:featuredmedia":[{"embeddable":true,"href":"https:\/\/sgvaimudar.com.br\/index.php\/wp-json\/wp\/v2\/media\/15505"}],"wp:attachment":[{"href":"https:\/\/sgvaimudar.com.br\/index.php\/wp-json\/wp\/v2\/media?parent=15504"}],"wp:term":[{"taxonomy":"category","embeddable":true,"href":"https:\/\/sgvaimudar.com.br\/index.php\/wp-json\/wp\/v2\/categories?post=15504"},{"taxonomy":"post_tag","embeddable":true,"href":"https:\/\/sgvaimudar.com.br\/index.php\/wp-json\/wp\/v2\/tags?post=15504"}],"curies":[{"name":"wp","href":"https:\/\/api.w.org\/{rel}","templated":true}]}}