{"id":15480,"date":"2024-11-18T10:00:00","date_gmt":"2024-11-18T13:00:00","guid":{"rendered":"https:\/\/sgvaimudar.com.br\/?p=15480"},"modified":"2024-11-18T09:07:15","modified_gmt":"2024-11-18T12:07:15","slug":"vigilancia-ambiental-reforca-acoes-contra-o-aedes-aegypti","status":"publish","type":"post","link":"https:\/\/sgvaimudar.com.br\/index.php\/2024\/11\/18\/vigilancia-ambiental-reforca-acoes-contra-o-aedes-aegypti\/","title":{"rendered":"Vigil\u00e2ncia Ambiental refor\u00e7a a\u00e7\u00f5es contra o Aedes aegypti"},"content":{"rendered":"\n<p><em>S\u00e3o Gon\u00e7alo usa motofogs para pulveriza\u00e7\u00e3o de inseticida nos bairros. Confira a rela\u00e7\u00e3o<\/em><\/p>\n\n\n\n<p>A Secretaria de Sa\u00fade da Prefeitura de S\u00e3o Gon\u00e7alo informou que vai realizar, nesta semana, a pulveriza\u00e7\u00e3o de inseticida para o controle do mosquito Aedes aegypti &#8211; transmissor da dengue, zika e chikungunya. <\/p>\n\n\n\n<p>O trabalho dos agentes da Vigil\u00e2ncia em Sa\u00fade Ambiental \u00e9 de preven\u00e7\u00e3o e a popula\u00e7\u00e3o tamb\u00e9m deve fazer a sua parte, evitando qualquer ac\u00famulo de \u00e1gua. As a\u00e7\u00f5es acontecem em todos os dias \u00fateis da semana, com exce\u00e7\u00e3o de feriados, pontos facultativos e dias chuvosos. Na pr\u00f3xima quarta-feira (20), feriado pelo Dia da Consci\u00eancia Negra, n\u00e3o haver\u00e1 o servi\u00e7o.\u00a0<\/p>\n\n\n\n<p>Para ajudar a a\u00e7\u00e3o das equipes e manter a casa longe dos vetores, \u00e9 importante limpar calhas e ralos, tapar caixas d\u2019\u00e1gua, colocar garrafas e recipientes com a boca para baixo, preencher os pratos de vasos de plantas com areia, manter lonas de materiais de constru\u00e7\u00e3o e piscina sempre esticadas, guardar pneus velhos, manter ton\u00e9is e lat\u00f5es fechados. Vale lembrar que qualquer gota d\u2019\u00e1gua pode se tornar criadouro do mosquito.<\/p>\n\n\n\n<p>Os locais de aplica\u00e7\u00e3o s\u00e3o definidos pelo Departamento de Vigil\u00e2ncia em Sa\u00fade Ambiental com base nos casos notificados pelo setor de Vigil\u00e2ncia Epidemiol\u00f3gica, que aponta os locais com maiores notifica\u00e7\u00f5es da dengue.\u00a0<\/p>\n\n\n\n<p>A Vigil\u00e2ncia Ambiental mant\u00e9m um trabalho de pronto-atendimento. Qualquer cidad\u00e3o pode ligar para o setor e pedir uma visita nos casos de infesta\u00e7\u00e3o de qualquer vetor. Os pedidos s\u00e3o atendidos, em m\u00e9dia, em uma semana. Nesses casos, os agentes averiguam a den\u00fancia e realizam a a\u00e7\u00e3o necess\u00e1ria para acabar com os vetores. As den\u00fancias podem ser feitas pelo telefone da Vigil\u00e2ncia Ambiental (21) 3195-5198, ramal 1008.\u00a0\u00a0\u00a0\u00a0<\/p>\n\n\n\n<p><strong>A programa\u00e7\u00e3o do controle das arboviroses \u00e9 a seguinte:<\/strong><\/p>\n\n\n\n<p>Segunda-feira (18): Porto da Pedra, Coelho, Guarani, Jardim Catarina e Mutondo&nbsp;<\/p>\n\n\n\n<p>Ter\u00e7a-feira (19): Mangueira, Parada 40, Coluband\u00ea, Boa\u00e7u, Santa Luzia, Alc\u00e2ntara e Jardim Alc\u00e2ntara&nbsp;<\/p>\n\n\n\n<p>Quarta-feira (20): Feriado<\/p>\n\n\n\n<p>Quinta-feira (21): Para\u00edso, Barrac\u00e3o, Brasil\u00e2ndia, Tribob\u00f3, Raul Veiga e Vila Tr\u00eas&nbsp;<\/p>\n\n\n\n<p>Sexta-feira (22): Patronato, Eliane, Ieda, Rosane, Vila Iara, Novo M\u00e9xico e Fazenda dos Mineiros<\/p>\n\n\n\n<p><em>Foto: Renan Otto<\/em><\/p>\n\n\n\n<p><strong><em><sup>S\u00e3o Gon\u00e7alo Vai Mudar. O Maior Portal da Cidade.<\/sup><\/em><\/strong><\/p>\n\n\n\n<figure class=\"wp-block-image size-full\"><img decoding=\"async\" width=\"251\" height=\"88\" src=\"https:\/\/sgvaimudar.com.br\/wp-content\/uploads\/2023\/08\/Logo.png\" alt=\"\" class=\"wp-image-2738\" \/><\/figure>\n","protected":false},"excerpt":{"rendered":"<p>S\u00e3o Gon\u00e7alo usa motofogs para pulveriza\u00e7\u00e3o de inseticida nos bairros. Confira a rela\u00e7\u00e3o A Secretaria de Sa\u00fade da Prefeitura de&hellip;<\/p>\n","protected":false},"author":5,"featured_media":15481,"comment_status":"open","ping_status":"open","sticky":false,"template":"","format":"standard","meta":{"fifu_image_url":"","fifu_image_alt":"","footnotes":""},"categories":[3,7],"tags":[],"class_list":["post-15480","post","type-post","status-publish","format-standard","has-post-thumbnail","hentry","category-sao-goncalo","category-saude"],"_links":{"self":[{"href":"https:\/\/sgvaimudar.com.br\/index.php\/wp-json\/wp\/v2\/posts\/15480","targetHints":{"allow":["GET"]}}],"collection":[{"href":"https:\/\/sgvaimudar.com.br\/index.php\/wp-json\/wp\/v2\/posts"}],"about":[{"href":"https:\/\/sgvaimudar.com.br\/index.php\/wp-json\/wp\/v2\/types\/post"}],"author":[{"embeddable":true,"href":"https:\/\/sgvaimudar.com.br\/index.php\/wp-json\/wp\/v2\/users\/5"}],"replies":[{"embeddable":true,"href":"https:\/\/sgvaimudar.com.br\/index.php\/wp-json\/wp\/v2\/comments?post=15480"}],"version-history":[{"count":1,"href":"https:\/\/sgvaimudar.com.br\/index.php\/wp-json\/wp\/v2\/posts\/15480\/revisions"}],"predecessor-version":[{"id":15482,"href":"https:\/\/sgvaimudar.com.br\/index.php\/wp-json\/wp\/v2\/posts\/15480\/revisions\/15482"}],"wp:featuredmedia":[{"embeddable":true,"href":"https:\/\/sgvaimudar.com.br\/index.php\/wp-json\/wp\/v2\/media\/15481"}],"wp:attachment":[{"href":"https:\/\/sgvaimudar.com.br\/index.php\/wp-json\/wp\/v2\/media?parent=15480"}],"wp:term":[{"taxonomy":"category","embeddable":true,"href":"https:\/\/sgvaimudar.com.br\/index.php\/wp-json\/wp\/v2\/categories?post=15480"},{"taxonomy":"post_tag","embeddable":true,"href":"https:\/\/sgvaimudar.com.br\/index.php\/wp-json\/wp\/v2\/tags?post=15480"}],"curies":[{"name":"wp","href":"https:\/\/api.w.org\/{rel}","templated":true}]}}