{"id":15474,"date":"2024-11-18T09:45:00","date_gmt":"2024-11-18T12:45:00","guid":{"rendered":"https:\/\/sgvaimudar.com.br\/?p=15474"},"modified":"2024-11-18T08:51:44","modified_gmt":"2024-11-18T11:51:44","slug":"homem-e-preso-no-centro-de-niteroi-com-14-metros-de-fio","status":"publish","type":"post","link":"https:\/\/sgvaimudar.com.br\/index.php\/2024\/11\/18\/homem-e-preso-no-centro-de-niteroi-com-14-metros-de-fio\/","title":{"rendered":"Homem \u00e9 preso no Centro de Niter\u00f3i com 14 metros de fio"},"content":{"rendered":"\n<p><em>Acusado, de 39 anos, confessou para pol\u00edcia que furtou os cabos no bairro Ponta D&#8217;\u00c1reia e que iria fazer outro furto no Terminal<\/em><\/p>\n\n\n\n<p>Os policiais militares do 12\u00baBPM, prenderam, na manh\u00e3 deste domingo (17\/11), na Avenida Visconde do Rio Branco, no Centro de Niter\u00f3i, um homem, com tr\u00eas  anota\u00e7\u00f5es por furtos e uma por recepta\u00e7\u00e3o, com 14 metros de fio. <\/p>\n\n\n\n<p>Segundo a PM, os policiais foram at\u00e9 o local para verificar uma ocorr\u00eancia de furto de cabos ap\u00f3s ser acionada pelo 190. Em contato com solicitante os policiais observaram o autor se deslocar para casa de m\u00e1quinas do Terminal Rodovi\u00e1rio Jo\u00e3o Goulart e fizeram a abordagem.<\/p>\n\n\n\n<p>De acordo com os agentes, o acusado foi localizado com aproximadamente 14 metros de cabo e ao ser indagado sobre o material respondeu que furtou no bairro Ponta D&#8217;\u00c1reia e que iria praticar outro furto no terminal. <\/p>\n\n\n\n<p>A ocorr\u00eancia foi registrada na 76\u00baDP. <\/p>\n\n\n\n<p><strong><em><sup>S\u00e3o Gon\u00e7alo Vai Mudar. O Maior Portal da Cidade.<\/sup><\/em><\/strong><\/p>\n\n\n\n<figure class=\"wp-block-image size-full\"><img decoding=\"async\" width=\"251\" height=\"88\" src=\"https:\/\/sgvaimudar.com.br\/wp-content\/uploads\/2023\/08\/Logo.png\" alt=\"\" class=\"wp-image-2738\" \/><\/figure>\n\n\n\n<p> <\/p>\n","protected":false},"excerpt":{"rendered":"<p>Acusado, de 39 anos, confessou para pol\u00edcia que furtou os cabos no bairro Ponta D&#8217;\u00c1reia e que iria fazer outro&hellip;<\/p>\n","protected":false},"author":5,"featured_media":15475,"comment_status":"open","ping_status":"open","sticky":false,"template":"","format":"standard","meta":{"fifu_image_url":"","fifu_image_alt":"","footnotes":""},"categories":[32],"tags":[],"class_list":["post-15474","post","type-post","status-publish","format-standard","has-post-thumbnail","hentry","category-casos-de-policia"],"_links":{"self":[{"href":"https:\/\/sgvaimudar.com.br\/index.php\/wp-json\/wp\/v2\/posts\/15474","targetHints":{"allow":["GET"]}}],"collection":[{"href":"https:\/\/sgvaimudar.com.br\/index.php\/wp-json\/wp\/v2\/posts"}],"about":[{"href":"https:\/\/sgvaimudar.com.br\/index.php\/wp-json\/wp\/v2\/types\/post"}],"author":[{"embeddable":true,"href":"https:\/\/sgvaimudar.com.br\/index.php\/wp-json\/wp\/v2\/users\/5"}],"replies":[{"embeddable":true,"href":"https:\/\/sgvaimudar.com.br\/index.php\/wp-json\/wp\/v2\/comments?post=15474"}],"version-history":[{"count":1,"href":"https:\/\/sgvaimudar.com.br\/index.php\/wp-json\/wp\/v2\/posts\/15474\/revisions"}],"predecessor-version":[{"id":15476,"href":"https:\/\/sgvaimudar.com.br\/index.php\/wp-json\/wp\/v2\/posts\/15474\/revisions\/15476"}],"wp:featuredmedia":[{"embeddable":true,"href":"https:\/\/sgvaimudar.com.br\/index.php\/wp-json\/wp\/v2\/media\/15475"}],"wp:attachment":[{"href":"https:\/\/sgvaimudar.com.br\/index.php\/wp-json\/wp\/v2\/media?parent=15474"}],"wp:term":[{"taxonomy":"category","embeddable":true,"href":"https:\/\/sgvaimudar.com.br\/index.php\/wp-json\/wp\/v2\/categories?post=15474"},{"taxonomy":"post_tag","embeddable":true,"href":"https:\/\/sgvaimudar.com.br\/index.php\/wp-json\/wp\/v2\/tags?post=15474"}],"curies":[{"name":"wp","href":"https:\/\/api.w.org\/{rel}","templated":true}]}}