{"id":15437,"date":"2024-11-17T11:00:00","date_gmt":"2024-11-17T14:00:00","guid":{"rendered":"https:\/\/sgvaimudar.com.br\/?p=15437"},"modified":"2024-11-17T09:19:44","modified_gmt":"2024-11-17T12:19:44","slug":"praca-da-trindade-recebe-aulao-azul-para-conscientizacao-sobre-cancer-de-prostata","status":"publish","type":"post","link":"https:\/\/sgvaimudar.com.br\/index.php\/2024\/11\/17\/praca-da-trindade-recebe-aulao-azul-para-conscientizacao-sobre-cancer-de-prostata\/","title":{"rendered":"Pra\u00e7a da Trindade recebe Aul\u00e3o Azul para conscientiza\u00e7\u00e3o sobre c\u00e2ncer de pr\u00f3stata"},"content":{"rendered":"\n<p><em>Evento gratuito oferece atividades e informa\u00e7\u00f5es&nbsp;\u00e0 popula\u00e7\u00e3o<\/em><\/p>\n\n\n\n<p>Na pr\u00f3xima ter\u00e7a-feira (19), a Pra\u00e7a da Trindade ser\u00e1 palco do Aul\u00e3o Azul \u201cHomem Tamb\u00e9m Se Cuida\u201d, evento gratuito promovido pela Secretaria de Esporte e Lazer da Prefeitura de S\u00e3o Gon\u00e7alo. Das 8h \u00e0s 12h, homens de todas as idades est\u00e3o convidados a participar de uma manh\u00e3 de atividades f\u00edsicas e de lazer, com o objetivo de promover a sa\u00fade e conscientizar sobre a import\u00e2ncia do diagn\u00f3stico precoce do c\u00e2ncer de pr\u00f3stata.<\/p>\n\n\n\n<figure class=\"wp-block-image size-large\"><img fetchpriority=\"high\" decoding=\"async\" width=\"1024\" height=\"1024\" src=\"https:\/\/sgvaimudar.com.br\/wp-content\/uploads\/2024\/11\/unnamed-3-11-1024x1024.jpg\" alt=\"\" class=\"wp-image-15438\" srcset=\"https:\/\/sgvaimudar.com.br\/wp-content\/uploads\/2024\/11\/unnamed-3-11-1024x1024.jpg 1024w, https:\/\/sgvaimudar.com.br\/wp-content\/uploads\/2024\/11\/unnamed-3-11-300x300.jpg 300w, https:\/\/sgvaimudar.com.br\/wp-content\/uploads\/2024\/11\/unnamed-3-11-150x150.jpg 150w, https:\/\/sgvaimudar.com.br\/wp-content\/uploads\/2024\/11\/unnamed-3-11-768x768.jpg 768w, https:\/\/sgvaimudar.com.br\/wp-content\/uploads\/2024\/11\/unnamed-3-11.jpg 1200w\" sizes=\"(max-width: 1024px) 100vw, 1024px\" \/><\/figure>\n\n\n\n<p>O evento faz parte das a\u00e7\u00f5es da campanha Novembro Azul, que busca alertar a popula\u00e7\u00e3o masculina para os cuidados com a sa\u00fade e a preven\u00e7\u00e3o da doen\u00e7a. Durante o Aul\u00e3o Azul, al\u00e9m de exerc\u00edcios f\u00edsicos, o p\u00fablico ter\u00e1 acesso a informa\u00e7\u00f5es sobre a preven\u00e7\u00e3o do c\u00e2ncer de pr\u00f3stata, destacando a import\u00e2ncia de consultas regulares e exames preventivos.<\/p>\n\n\n\n<p><strong>Programa\u00e7\u00e3o:<\/strong><\/p>\n\n\n\n<p>Aul\u00e3o Azul &#8221; Homem tamb\u00e9m se cuida&#8221;<\/p>\n\n\n\n<p>Preven\u00e7\u00e3o do C\u00e2ncer de Pr\u00f3stata.&nbsp;<\/p>\n\n\n\n<p><em>Local:<\/em>&nbsp;Pra\u00e7a Leonor Correa &#8211; Pra\u00e7a da Trindade&nbsp;<\/p>\n\n\n\n<p>&#8211; 8:30: Abertura do Evento &#8220;Tai chi chuan&#8221; (Prof. Maria)<\/p>\n\n\n\n<p>&#8211; 9:00: Aquecimento &#8211; Alongamento (Prof. Ana)<\/p>\n\n\n\n<p>&#8211; 9:30: Apresenta\u00e7\u00e3o Zumba\/Aula de Ritmos (Instrutores: Leandrinho, Will, Robertinho e Bruno Reis)<\/p>\n\n\n\n<p>&#8211; 10:00: Apresenta\u00e7\u00e3o do Tema: &#8220;Homem tamb\u00e9m se cuida &#8221; &#8211; Preven\u00e7\u00e3o ao C\u00e2ncer de Pr\u00f3stata com din\u00e2micas e apresenta\u00e7\u00e3o de cartazes<\/p>\n\n\n\n<p>&#8211; 11:00: Gin\u00e1stica aer\u00f3bica (Professores: Leonam, Ren\u00ea, Rafael, Raquel ,Milene e Get\u00falio)&nbsp;<\/p>\n\n\n\n<p>&#8211; 11:30: Volta calma &#8211; Pilates de solo (Prof. Gabriel)<\/p>\n\n\n\n<p>&#8211; 12:00: Encerramento do evento.<\/p>\n\n\n\n<p><strong><em><sup>S\u00e3o Gon\u00e7alo Vai Mudar. O Maior Portal da Cidade.<\/sup><\/em><\/strong><\/p>\n\n\n\n<figure class=\"wp-block-image size-full\"><img decoding=\"async\" width=\"251\" height=\"88\" src=\"https:\/\/sgvaimudar.com.br\/wp-content\/uploads\/2023\/08\/Logo.png\" alt=\"\" class=\"wp-image-2738\" \/><\/figure>\n","protected":false},"excerpt":{"rendered":"<p>Evento gratuito oferece atividades e informa\u00e7\u00f5es&nbsp;\u00e0 popula\u00e7\u00e3o Na pr\u00f3xima ter\u00e7a-feira (19), a Pra\u00e7a da Trindade ser\u00e1 palco do Aul\u00e3o Azul&hellip;<\/p>\n","protected":false},"author":5,"featured_media":15439,"comment_status":"open","ping_status":"open","sticky":false,"template":"","format":"standard","meta":{"fifu_image_url":"","fifu_image_alt":"","footnotes":""},"categories":[7],"tags":[],"class_list":["post-15437","post","type-post","status-publish","format-standard","has-post-thumbnail","hentry","category-saude"],"_links":{"self":[{"href":"https:\/\/sgvaimudar.com.br\/index.php\/wp-json\/wp\/v2\/posts\/15437","targetHints":{"allow":["GET"]}}],"collection":[{"href":"https:\/\/sgvaimudar.com.br\/index.php\/wp-json\/wp\/v2\/posts"}],"about":[{"href":"https:\/\/sgvaimudar.com.br\/index.php\/wp-json\/wp\/v2\/types\/post"}],"author":[{"embeddable":true,"href":"https:\/\/sgvaimudar.com.br\/index.php\/wp-json\/wp\/v2\/users\/5"}],"replies":[{"embeddable":true,"href":"https:\/\/sgvaimudar.com.br\/index.php\/wp-json\/wp\/v2\/comments?post=15437"}],"version-history":[{"count":1,"href":"https:\/\/sgvaimudar.com.br\/index.php\/wp-json\/wp\/v2\/posts\/15437\/revisions"}],"predecessor-version":[{"id":15440,"href":"https:\/\/sgvaimudar.com.br\/index.php\/wp-json\/wp\/v2\/posts\/15437\/revisions\/15440"}],"wp:featuredmedia":[{"embeddable":true,"href":"https:\/\/sgvaimudar.com.br\/index.php\/wp-json\/wp\/v2\/media\/15439"}],"wp:attachment":[{"href":"https:\/\/sgvaimudar.com.br\/index.php\/wp-json\/wp\/v2\/media?parent=15437"}],"wp:term":[{"taxonomy":"category","embeddable":true,"href":"https:\/\/sgvaimudar.com.br\/index.php\/wp-json\/wp\/v2\/categories?post=15437"},{"taxonomy":"post_tag","embeddable":true,"href":"https:\/\/sgvaimudar.com.br\/index.php\/wp-json\/wp\/v2\/tags?post=15437"}],"curies":[{"name":"wp","href":"https:\/\/api.w.org\/{rel}","templated":true}]}}