{"id":15431,"date":"2024-11-17T10:00:00","date_gmt":"2024-11-17T13:00:00","guid":{"rendered":"https:\/\/sgvaimudar.com.br\/?p=15431"},"modified":"2024-11-17T09:07:16","modified_gmt":"2024-11-17T12:07:16","slug":"orquestra-municipal-de-sao-goncalo-celebra-dia-do-musico-com-concerto-gratuito","status":"publish","type":"post","link":"https:\/\/sgvaimudar.com.br\/index.php\/2024\/11\/17\/orquestra-municipal-de-sao-goncalo-celebra-dia-do-musico-com-concerto-gratuito\/","title":{"rendered":"Orquestra Municipal de S\u00e3o Gon\u00e7alo celebra Dia do M\u00fasico com concerto gratuito"},"content":{"rendered":"\n<p><em>Apresenta\u00e7\u00e3o especial sob a reg\u00eancia do maestro Paulo Guarany<\/em><\/p>\n\n\n\n<p>Na pr\u00f3xima segunda-feira (18), o Teatro Municipal de S\u00e3o Gon\u00e7alo ser\u00e1 palco de uma celebra\u00e7\u00e3o em homenagem ao Dia do M\u00fasico. A Orquestra Municipal, sob a reg\u00eancia do maestro Paulo Guarany, apresentar\u00e1 um concerto especial para prestigiar o talento e a dedica\u00e7\u00e3o dos m\u00fasicos. O evento, com entrada gratuita, oferece uma oportunidade \u00fanica de apreciar a beleza da m\u00fasica em um ambiente cheio de harmonia.<\/p>\n\n\n\n<p>A apresenta\u00e7\u00e3o, que \u00e9 promovida pela Secretaria de Turismo e Cultura, come\u00e7a \u00e0s 19h, e o p\u00fablico \u00e9 convidado a vivenciar uma noite inesquec\u00edvel. Vale ressaltar que o teatro est\u00e1 sujeito a lota\u00e7\u00e3o, por isso, chegue cedo para garantir o seu lugar.<\/p>\n\n\n\n<p><strong>Servi\u00e7o:<\/strong><\/p>\n\n\n\n<p>Data: 18 de Novembro<\/p>\n\n\n\n<p>Hor\u00e1rio: 19h<\/p>\n\n\n\n<p>Local: Teatro Municipal de S\u00e3o Gon\u00e7alo<\/p>\n\n\n\n<p>Entrada: Gratuita.<\/p>\n\n\n\n<p><strong><em><sup>S\u00e3o Gon\u00e7alo Vai Mudar. O Maior Portal da Cidade.<\/sup><\/em><\/strong><\/p>\n\n\n\n<figure class=\"wp-block-image size-full\"><img decoding=\"async\" width=\"251\" height=\"88\" src=\"https:\/\/sgvaimudar.com.br\/wp-content\/uploads\/2023\/08\/Logo.png\" alt=\"\" class=\"wp-image-2738\" \/><\/figure>\n","protected":false},"excerpt":{"rendered":"<p>Apresenta\u00e7\u00e3o especial sob a reg\u00eancia do maestro Paulo Guarany Na pr\u00f3xima segunda-feira (18), o Teatro Municipal de S\u00e3o Gon\u00e7alo ser\u00e1&hellip;<\/p>\n","protected":false},"author":5,"featured_media":15432,"comment_status":"open","ping_status":"open","sticky":false,"template":"","format":"standard","meta":{"fifu_image_url":"","fifu_image_alt":"","footnotes":""},"categories":[6],"tags":[],"class_list":["post-15431","post","type-post","status-publish","format-standard","has-post-thumbnail","hentry","category-entretenimento"],"_links":{"self":[{"href":"https:\/\/sgvaimudar.com.br\/index.php\/wp-json\/wp\/v2\/posts\/15431","targetHints":{"allow":["GET"]}}],"collection":[{"href":"https:\/\/sgvaimudar.com.br\/index.php\/wp-json\/wp\/v2\/posts"}],"about":[{"href":"https:\/\/sgvaimudar.com.br\/index.php\/wp-json\/wp\/v2\/types\/post"}],"author":[{"embeddable":true,"href":"https:\/\/sgvaimudar.com.br\/index.php\/wp-json\/wp\/v2\/users\/5"}],"replies":[{"embeddable":true,"href":"https:\/\/sgvaimudar.com.br\/index.php\/wp-json\/wp\/v2\/comments?post=15431"}],"version-history":[{"count":1,"href":"https:\/\/sgvaimudar.com.br\/index.php\/wp-json\/wp\/v2\/posts\/15431\/revisions"}],"predecessor-version":[{"id":15433,"href":"https:\/\/sgvaimudar.com.br\/index.php\/wp-json\/wp\/v2\/posts\/15431\/revisions\/15433"}],"wp:featuredmedia":[{"embeddable":true,"href":"https:\/\/sgvaimudar.com.br\/index.php\/wp-json\/wp\/v2\/media\/15432"}],"wp:attachment":[{"href":"https:\/\/sgvaimudar.com.br\/index.php\/wp-json\/wp\/v2\/media?parent=15431"}],"wp:term":[{"taxonomy":"category","embeddable":true,"href":"https:\/\/sgvaimudar.com.br\/index.php\/wp-json\/wp\/v2\/categories?post=15431"},{"taxonomy":"post_tag","embeddable":true,"href":"https:\/\/sgvaimudar.com.br\/index.php\/wp-json\/wp\/v2\/tags?post=15431"}],"curies":[{"name":"wp","href":"https:\/\/api.w.org\/{rel}","templated":true}]}}