{"id":15426,"date":"2024-11-17T09:45:00","date_gmt":"2024-11-17T12:45:00","guid":{"rendered":"https:\/\/sgvaimudar.com.br\/?p=15426"},"modified":"2024-11-17T08:59:25","modified_gmt":"2024-11-17T11:59:25","slug":"parte-de-corpo-e-encontrado-nas-areias-de-praia-em-marica","status":"publish","type":"post","link":"https:\/\/sgvaimudar.com.br\/index.php\/2024\/11\/17\/parte-de-corpo-e-encontrado-nas-areias-de-praia-em-marica\/","title":{"rendered":"Parte de corpo \u00e9 encontrado nas areias de praia em Maric\u00e1"},"content":{"rendered":"\n<p><em>O caso foi registrado na 82\u00aa Delegacia de Pol\u00edcia (Maric\u00e1), no Centro da cidade, que ficar\u00e1 respons\u00e1vel pela investiga\u00e7\u00e3o<\/em><\/p>\n\n\n\n<p>Um\u00a0tronco humano\u00a0foi localizado na manh\u00e3 deste s\u00e1bado (16), nas areias da\u00a0Praia de Ponta Negra, em Maric\u00e1. O achado foi feito por moradores por volta das 9h, na altura da\u00a0Rua 90, que acionaram imediatamente os policiais militares.<\/p>\n\n\n\n<p>Agentes da\u00a06\u00aa Companhia de Maric\u00e1\u00a0e do\u00a012\u00ba BPM (Niter\u00f3i)\u00a0chegaram ao local e acionaram a\u00a0Pol\u00edcia Civil. Equipes do\u00a0Posto Regional de Pol\u00edcia T\u00e9cnico-Cient\u00edfica (PRPTC)\u00a0tamb\u00e9m estiveram presentes para realizar a per\u00edcia no local. Ap\u00f3s os procedimentos iniciais, os\u00a0restos mortais\u00a0foram encaminhados para o\u00a0Instituto M\u00e9dico Legal (IML) do Barreto, em Niter\u00f3i.<\/p>\n\n\n\n<p>A\u00a0identifica\u00e7\u00e3o\u00a0da v\u00edtima depender\u00e1 de\u00a0exames de DNA, que ser\u00e3o conduzidos para determinar quem \u00e9 a pessoa e as poss\u00edveis causas do ocorrido. O caso foi registrado na\u00a082\u00aa Delegacia de Pol\u00edcia (Maric\u00e1), no Centro da cidade, que ficar\u00e1 respons\u00e1vel pela\u00a0investiga\u00e7\u00e3o.<\/p>\n\n\n\n<p><em>Fonte: Cidade de Niter\u00f3i<\/em><\/p>\n\n\n\n<figure class=\"wp-block-image size-full\"><img decoding=\"async\" width=\"251\" height=\"88\" src=\"https:\/\/sgvaimudar.com.br\/wp-content\/uploads\/2023\/08\/Logo.png\" alt=\"\" class=\"wp-image-2738\" \/><\/figure>\n","protected":false},"excerpt":{"rendered":"<p>O caso foi registrado na 82\u00aa Delegacia de Pol\u00edcia (Maric\u00e1), no Centro da cidade, que ficar\u00e1 respons\u00e1vel pela investiga\u00e7\u00e3o Um\u00a0tronco&hellip;<\/p>\n","protected":false},"author":5,"featured_media":15427,"comment_status":"open","ping_status":"open","sticky":false,"template":"","format":"standard","meta":{"fifu_image_url":"","fifu_image_alt":"","footnotes":""},"categories":[32],"tags":[],"class_list":["post-15426","post","type-post","status-publish","format-standard","has-post-thumbnail","hentry","category-casos-de-policia"],"_links":{"self":[{"href":"https:\/\/sgvaimudar.com.br\/index.php\/wp-json\/wp\/v2\/posts\/15426","targetHints":{"allow":["GET"]}}],"collection":[{"href":"https:\/\/sgvaimudar.com.br\/index.php\/wp-json\/wp\/v2\/posts"}],"about":[{"href":"https:\/\/sgvaimudar.com.br\/index.php\/wp-json\/wp\/v2\/types\/post"}],"author":[{"embeddable":true,"href":"https:\/\/sgvaimudar.com.br\/index.php\/wp-json\/wp\/v2\/users\/5"}],"replies":[{"embeddable":true,"href":"https:\/\/sgvaimudar.com.br\/index.php\/wp-json\/wp\/v2\/comments?post=15426"}],"version-history":[{"count":1,"href":"https:\/\/sgvaimudar.com.br\/index.php\/wp-json\/wp\/v2\/posts\/15426\/revisions"}],"predecessor-version":[{"id":15428,"href":"https:\/\/sgvaimudar.com.br\/index.php\/wp-json\/wp\/v2\/posts\/15426\/revisions\/15428"}],"wp:featuredmedia":[{"embeddable":true,"href":"https:\/\/sgvaimudar.com.br\/index.php\/wp-json\/wp\/v2\/media\/15427"}],"wp:attachment":[{"href":"https:\/\/sgvaimudar.com.br\/index.php\/wp-json\/wp\/v2\/media?parent=15426"}],"wp:term":[{"taxonomy":"category","embeddable":true,"href":"https:\/\/sgvaimudar.com.br\/index.php\/wp-json\/wp\/v2\/categories?post=15426"},{"taxonomy":"post_tag","embeddable":true,"href":"https:\/\/sgvaimudar.com.br\/index.php\/wp-json\/wp\/v2\/tags?post=15426"}],"curies":[{"name":"wp","href":"https:\/\/api.w.org\/{rel}","templated":true}]}}