{"id":15423,"date":"2024-11-17T08:39:24","date_gmt":"2024-11-17T11:39:24","guid":{"rendered":"https:\/\/sgvaimudar.com.br\/?p=15423"},"modified":"2024-11-17T08:39:24","modified_gmt":"2024-11-17T11:39:24","slug":"sao-goncalo-reforca-orientacoes-a-pacientes-ostomizados","status":"publish","type":"post","link":"https:\/\/sgvaimudar.com.br\/index.php\/2024\/11\/17\/sao-goncalo-reforca-orientacoes-a-pacientes-ostomizados\/","title":{"rendered":"S\u00e3o Gon\u00e7alo refor\u00e7a orienta\u00e7\u00f5es a pacientes ostomizados"},"content":{"rendered":"\n<p><em>N\u00facleo tem cerca de 1,3 mil pessoas cadastradas<\/em><\/p>\n\n\n\n<p>O Dia Nacional dos Ostomizados, comemorado neste s\u00e1bado (16), foi celebrado pelo  N\u00facleo de Aten\u00e7\u00e3o \u00e0 Sa\u00fade da Pessoa Ostomizada de S\u00e3o Gon\u00e7alo que realizou palestra para os pacientes na \u00faltima semana. A a\u00e7\u00e3o contou com equipe multiprofissional tirando as d\u00favidas mais frequentes e houve troca de experi\u00eancias entre os pacientes.\u00a0<\/p>\n\n\n\n<p>\u201cOferecemos uma manh\u00e3 de intera\u00e7\u00e3o para os pacientes mais novos trocarem as suas experi\u00eancias, tirarem suas d\u00favidas e receberem o apoio necess\u00e1rio com a equipe t\u00e9cnica do espa\u00e7o. A realidade deles \u00e9 muito dif\u00edcil e estamos aqui para acolher e mostrar que somos solid\u00e1rios com os seus problemas\u201d, explicou Fl\u00e1via Medeiros, enfermeira especializada em estomaterapia e que \u00e9 respons\u00e1vel pelo local.\u00a0<\/p>\n\n\n\n<p>O n\u00facleo tem cerca de 1,3 mil pessoas ostomizadas cadastradas e d\u00e1 toda aten\u00e7\u00e3o especializada com consultas m\u00e9dicas peri\u00f3dicas, bolsas de colostomia e produtos usados para a sua manuten\u00e7\u00e3o, durabilidade e limpeza, al\u00e9m dos cuidados com a pele durante todo o ano.\u00a0<\/p>\n\n\n\n<p>\u201cA \u00e1rea da sa\u00fade tem mais uma cor em novembro, mas ainda \u00e9 muito pouco conhecida. A Campanha Novembro Verde \u00e9 de conscientiza\u00e7\u00e3o e aten\u00e7\u00e3o \u00e0s pessoas com estomia. N\u00f3s fazemos isso o ano inteiro no n\u00facleo. E a aten\u00e7\u00e3o n\u00e3o \u00e9 s\u00f3 para os pacientes, mas para os familiares tamb\u00e9m, que aprendem a lidar com a condi\u00e7\u00e3o e a cuidar do estoma, estimulando a autonomia e o autocuidado em casa\u201d, disse a secret\u00e1ria de Sa\u00fade da Prefeitura de S\u00e3o Gon\u00e7alo, Dra. Bianca Serour.\u00a0<\/p>\n\n\n\n<p>Com trabalho humanizado, o espa\u00e7o oferece atendimento multiprofissional nas especialidades de Cl\u00ednica Geral, Enfermagem com especializa\u00e7\u00e3o em Estomaterapia, Psicologia, Nutri\u00e7\u00e3o, Assist\u00eancia Social e Fisioterapia. Para ter acesso aos servi\u00e7os, o gon\u00e7alense ostomizado precisa fazer um cadastro com o cart\u00e3o do Sistema \u00danico de Sa\u00fade (SUS), laudo m\u00e9dico com CID, comprovante de resid\u00eancia de S\u00e3o Gon\u00e7alo (\u00faltimos tr\u00eas meses), identidade e CPF.\u00a0\u00a0<\/p>\n\n\n\n<p>O atendimento e acesso aos materiais s\u00e3o realizados ap\u00f3s consulta com a assistente social e avalia\u00e7\u00e3o de enfermeiro. Para o agendamento, basta ir direto \u00e0 unidade. O n\u00facleo realiza, ainda, regula\u00e7\u00e3o de exames e encaminhamentos para outras especialidades e cirurgias. O N\u00facleo de Aten\u00e7\u00e3o \u00e0 Sa\u00fade da Pessoa Ostomizadas fica na Avenida Presidente Kennedy, 207, Centro, e funciona de segunda a sexta-feira, das 8h \u00e0s 17h. O telefone para mais informa\u00e7\u00f5es \u00e9 (21) 2018-7900.\u00a0<\/p>\n\n\n\n<p><em>Foto: Julio Diniz<\/em><\/p>\n\n\n\n<p><strong><em><sup>S\u00e3o Gon\u00e7alo Vai Mudar. O Maior Portal da Cidade.<\/sup><\/em><\/strong><\/p>\n\n\n\n<figure class=\"wp-block-image size-full\"><img decoding=\"async\" width=\"251\" height=\"88\" src=\"https:\/\/sgvaimudar.com.br\/wp-content\/uploads\/2023\/08\/Logo.png\" alt=\"\" class=\"wp-image-2738\" \/><\/figure>\n","protected":false},"excerpt":{"rendered":"<p>N\u00facleo tem cerca de 1,3 mil pessoas cadastradas O Dia Nacional dos Ostomizados, comemorado neste s\u00e1bado (16), foi celebrado pelo&hellip;<\/p>\n","protected":false},"author":5,"featured_media":15424,"comment_status":"open","ping_status":"open","sticky":false,"template":"","format":"standard","meta":{"fifu_image_url":"","fifu_image_alt":"","footnotes":""},"categories":[7],"tags":[],"class_list":["post-15423","post","type-post","status-publish","format-standard","has-post-thumbnail","hentry","category-saude"],"_links":{"self":[{"href":"https:\/\/sgvaimudar.com.br\/index.php\/wp-json\/wp\/v2\/posts\/15423","targetHints":{"allow":["GET"]}}],"collection":[{"href":"https:\/\/sgvaimudar.com.br\/index.php\/wp-json\/wp\/v2\/posts"}],"about":[{"href":"https:\/\/sgvaimudar.com.br\/index.php\/wp-json\/wp\/v2\/types\/post"}],"author":[{"embeddable":true,"href":"https:\/\/sgvaimudar.com.br\/index.php\/wp-json\/wp\/v2\/users\/5"}],"replies":[{"embeddable":true,"href":"https:\/\/sgvaimudar.com.br\/index.php\/wp-json\/wp\/v2\/comments?post=15423"}],"version-history":[{"count":1,"href":"https:\/\/sgvaimudar.com.br\/index.php\/wp-json\/wp\/v2\/posts\/15423\/revisions"}],"predecessor-version":[{"id":15425,"href":"https:\/\/sgvaimudar.com.br\/index.php\/wp-json\/wp\/v2\/posts\/15423\/revisions\/15425"}],"wp:featuredmedia":[{"embeddable":true,"href":"https:\/\/sgvaimudar.com.br\/index.php\/wp-json\/wp\/v2\/media\/15424"}],"wp:attachment":[{"href":"https:\/\/sgvaimudar.com.br\/index.php\/wp-json\/wp\/v2\/media?parent=15423"}],"wp:term":[{"taxonomy":"category","embeddable":true,"href":"https:\/\/sgvaimudar.com.br\/index.php\/wp-json\/wp\/v2\/categories?post=15423"},{"taxonomy":"post_tag","embeddable":true,"href":"https:\/\/sgvaimudar.com.br\/index.php\/wp-json\/wp\/v2\/tags?post=15423"}],"curies":[{"name":"wp","href":"https:\/\/api.w.org\/{rel}","templated":true}]}}