{"id":15417,"date":"2024-11-17T08:20:20","date_gmt":"2024-11-17T11:20:20","guid":{"rendered":"https:\/\/sgvaimudar.com.br\/?p=15417"},"modified":"2024-11-17T08:20:20","modified_gmt":"2024-11-17T11:20:20","slug":"gerson-fica-fora-do-primeiro-treino-da-selecao-em-salvador-entenda-o-motivo","status":"publish","type":"post","link":"https:\/\/sgvaimudar.com.br\/index.php\/2024\/11\/17\/gerson-fica-fora-do-primeiro-treino-da-selecao-em-salvador-entenda-o-motivo\/","title":{"rendered":"Gerson fica fora do primeiro treino da Sele\u00e7\u00e3o em Salvador; entenda o motivo"},"content":{"rendered":"\n<p><em>Jogador tem indisposi\u00e7\u00e3o intestinal e foi poupado do trabalho realizado no Barrad\u00e3o; confronto ser\u00e1 na ter\u00e7a-feira (19)<\/em><\/p>\n\n\n\n<p>O volante Gerson, titular nos dois \u00faltimos jogos da\u00a0Sele\u00e7\u00e3o Brasileira, n\u00e3o participou do treino deste s\u00e1bado (16), o primeiro em Salvador. O Brasil vai enfrentar o Uruguai na pr\u00f3xima ter\u00e7a-feira (19), na Arena Fonte Nova, \u00e0s 21h45 (de Bras\u00edlia), pela 12\u00aa rodada das\u00a0Eliminat\u00f3rias para a Copa do Mundo de 2026.<\/p>\n\n\n\n<p>O jogador est\u00e1 com uma indisposi\u00e7\u00e3o intestinal e foi poupado.\u00a0A princ\u00edpio, ele n\u00e3o \u00e9 d\u00favida para enfrentar os uruguaios. <\/p>\n\n\n\n<p>Os demais jogadores participaram do trabalho no est\u00e1dio Barrad\u00e3o, do Vit\u00f3ria, incluindo o volante Andr\u00e9, que n\u00e3o esteve \u00e0 disposi\u00e7\u00e3o para o\u00a0confronto contra a Venezuela, na quinta-feira (14), por causa de dores no quadril.<\/p>\n\n\n\n<p>Os dois jogadores convocados somente para o encontro contra o Uruguai tamb\u00e9m treinaram. O lateral-direito Dod\u00f4, da Fiorentina-ITA, foi chamado pela primeira vez e substitui Vanderson, que est\u00e1 suspenso.<\/p>\n\n\n\n<p>J\u00e1 Alex Telles, do\u00a0Bota, vira op\u00e7\u00e3o para a lateral esquerda no lugar de Guilherme Arana, do Atl\u00e9tico-MG, cortado por causa de um entorse no tornozelo direito.<\/p>\n\n\n\n<p>Tr\u00eas jogadores da base do Vit\u00f3ria completaram o treino neste s\u00e1bado: o zagueiro Kauan Santos, o volante Nicollas Selles e o meia-atacante Marcos Vin\u00edcius \u201cCabrob\u00f3\u201d.<\/p>\n\n\n\n<p>O trabalho deste domingo (17) tamb\u00e9m ser\u00e1 no Barrad\u00e3o, \u00e0s 17h (de Bras\u00edlia), mesmo hor\u00e1rio do treino de segunda-feira (18), mas que ser\u00e1 na Arena Fonte Nova, palco do confronto contra o Uruguai.<\/p>\n\n\n\n<p><em>Fonte: CNN<\/em><\/p>\n\n\n\n<figure class=\"wp-block-image size-large\"><img fetchpriority=\"high\" decoding=\"async\" width=\"1024\" height=\"321\" src=\"https:\/\/sgvaimudar.com.br\/wp-content\/uploads\/2023\/08\/Logo-Provisoria-2-1024x321.png\" alt=\"\" class=\"wp-image-2777\" srcset=\"https:\/\/sgvaimudar.com.br\/wp-content\/uploads\/2023\/08\/Logo-Provisoria-2-1024x321.png 1024w, https:\/\/sgvaimudar.com.br\/wp-content\/uploads\/2023\/08\/Logo-Provisoria-2-300x94.png 300w, https:\/\/sgvaimudar.com.br\/wp-content\/uploads\/2023\/08\/Logo-Provisoria-2-768x241.png 768w, https:\/\/sgvaimudar.com.br\/wp-content\/uploads\/2023\/08\/Logo-Provisoria-2-1536x482.png 1536w, https:\/\/sgvaimudar.com.br\/wp-content\/uploads\/2023\/08\/Logo-Provisoria-2-2048x642.png 2048w\" sizes=\"(max-width: 1024px) 100vw, 1024px\" \/><\/figure>\n","protected":false},"excerpt":{"rendered":"<p>Jogador tem indisposi\u00e7\u00e3o intestinal e foi poupado do trabalho realizado no Barrad\u00e3o; confronto ser\u00e1 na ter\u00e7a-feira (19) O volante Gerson,&hellip;<\/p>\n","protected":false},"author":5,"featured_media":15418,"comment_status":"open","ping_status":"open","sticky":false,"template":"","format":"standard","meta":{"fifu_image_url":"","fifu_image_alt":"","footnotes":""},"categories":[5],"tags":[],"class_list":["post-15417","post","type-post","status-publish","format-standard","has-post-thumbnail","hentry","category-esportes"],"_links":{"self":[{"href":"https:\/\/sgvaimudar.com.br\/index.php\/wp-json\/wp\/v2\/posts\/15417","targetHints":{"allow":["GET"]}}],"collection":[{"href":"https:\/\/sgvaimudar.com.br\/index.php\/wp-json\/wp\/v2\/posts"}],"about":[{"href":"https:\/\/sgvaimudar.com.br\/index.php\/wp-json\/wp\/v2\/types\/post"}],"author":[{"embeddable":true,"href":"https:\/\/sgvaimudar.com.br\/index.php\/wp-json\/wp\/v2\/users\/5"}],"replies":[{"embeddable":true,"href":"https:\/\/sgvaimudar.com.br\/index.php\/wp-json\/wp\/v2\/comments?post=15417"}],"version-history":[{"count":1,"href":"https:\/\/sgvaimudar.com.br\/index.php\/wp-json\/wp\/v2\/posts\/15417\/revisions"}],"predecessor-version":[{"id":15419,"href":"https:\/\/sgvaimudar.com.br\/index.php\/wp-json\/wp\/v2\/posts\/15417\/revisions\/15419"}],"wp:featuredmedia":[{"embeddable":true,"href":"https:\/\/sgvaimudar.com.br\/index.php\/wp-json\/wp\/v2\/media\/15418"}],"wp:attachment":[{"href":"https:\/\/sgvaimudar.com.br\/index.php\/wp-json\/wp\/v2\/media?parent=15417"}],"wp:term":[{"taxonomy":"category","embeddable":true,"href":"https:\/\/sgvaimudar.com.br\/index.php\/wp-json\/wp\/v2\/categories?post=15417"},{"taxonomy":"post_tag","embeddable":true,"href":"https:\/\/sgvaimudar.com.br\/index.php\/wp-json\/wp\/v2\/tags?post=15417"}],"curies":[{"name":"wp","href":"https:\/\/api.w.org\/{rel}","templated":true}]}}