{"id":15373,"date":"2024-11-16T11:00:00","date_gmt":"2024-11-16T14:00:00","guid":{"rendered":"https:\/\/sgvaimudar.com.br\/?p=15373"},"modified":"2024-11-16T09:19:45","modified_gmt":"2024-11-16T12:19:45","slug":"hccor-entra-na-campanha-novembro-azul-em-sao-goncalo","status":"publish","type":"post","link":"https:\/\/sgvaimudar.com.br\/index.php\/2024\/11\/16\/hccor-entra-na-campanha-novembro-azul-em-sao-goncalo\/","title":{"rendered":"HCCOR entra na campanha Novembro Azul em S\u00e3o Gon\u00e7alo"},"content":{"rendered":"\n<p><em>Funcion\u00e1rios e colaboradores da unidade de sa\u00fade recebem orienta\u00e7\u00f5es<\/em><\/p>\n\n\n\n<p>O Hospital do C\u00e2ncer e do Cora\u00e7\u00e3o (HCCOR), na Lagoinha, com o tema \u201cSa\u00fade Masculina \u00e9 Prioridade\u201d, realizou, um evento alusivo \u00e0 Campanha Novembro Azul para os funcion\u00e1rios e colaboradores da unidade de sa\u00fade durante todo o dia desta quinta-feira (14). O objetivo \u00e9 promover a conscientiza\u00e7\u00e3o sobre a preven\u00e7\u00e3o e os cuidados com a sa\u00fade masculina, destacando o c\u00e2ncer de pr\u00f3stata e a sa\u00fade mental.<\/p>\n\n\n\n<figure class=\"wp-block-image size-full\"><img fetchpriority=\"high\" decoding=\"async\" width=\"1024\" height=\"683\" src=\"https:\/\/sgvaimudar.com.br\/wp-content\/uploads\/2024\/11\/unnamed-3-10.jpg\" alt=\"\" class=\"wp-image-15374\" srcset=\"https:\/\/sgvaimudar.com.br\/wp-content\/uploads\/2024\/11\/unnamed-3-10.jpg 1024w, https:\/\/sgvaimudar.com.br\/wp-content\/uploads\/2024\/11\/unnamed-3-10-300x200.jpg 300w, https:\/\/sgvaimudar.com.br\/wp-content\/uploads\/2024\/11\/unnamed-3-10-768x512.jpg 768w\" sizes=\"(max-width: 1024px) 100vw, 1024px\" \/><\/figure>\n\n\n\n<p>\u201cA conscientiza\u00e7\u00e3o est\u00e1 acontecendo em todas as unidades de sa\u00fade para pacientes e funcion\u00e1rios. Intensificamos as a\u00e7\u00f5es durante as campanhas, mas as capacita\u00e7\u00f5es s\u00e3o realizadas durante todo o ano. \u00c9 importante que os funcion\u00e1rios saibam identificar, orientar e ajudar as pessoas, n\u00e3o s\u00f3 dentro do ambiente de trabalho, mas tamb\u00e9m entre os amigos e parentes\u201d, destacou a secret\u00e1ria de Sa\u00fade da Prefeitura de S\u00e3o Gon\u00e7alo, Bianca Serour.\u00a0<\/p>\n\n\n\n<p>Durante a manh\u00e3, a a\u00e7\u00e3o abordou temas sobre alimenta\u00e7\u00e3o saud\u00e1vel, quest\u00f5es sociais, benef\u00edcios e h\u00e1bitos regulares relacionados \u00e0 preven\u00e7\u00e3o do c\u00e2ncer de pr\u00f3stata, fatores de risco e a abordagem fisioterap\u00eautica no paciente p\u00f3s-operat\u00f3rio de prostatectomia.\u00a0<\/p>\n\n\n\n<p>No per\u00edodo da tarde, a atividade vai contar com apresenta\u00e7\u00e3o da Orquestra de S\u00e3o Gon\u00e7alo e com palestra da psic\u00f3loga e terapeuta sist\u00eamica familiar Isabela Monnerat com o tema \u201cQuebrando o Sil\u00eancio: Sa\u00fade Mental e Bem-Estar do Homem\u201d.<\/p>\n\n\n\n<p>\u201cEsse evento vai mostrar a vis\u00e3o do homem como um todo. O homem n\u00e3o \u00e9 s\u00f3 pr\u00f3stata, ele tem cora\u00e7\u00e3o, pulm\u00e3o, ele se alimenta, ele tem uma vida que tem que ser cuidada para proporcionar a ele a sa\u00fade. O intuito \u00e9 levar a conscientiza\u00e7\u00e3o para os colaboradores n\u00e3o s\u00f3 da preven\u00e7\u00e3o ao c\u00e2ncer de pr\u00f3stata, mas de h\u00e1bitos saud\u00e1veis que podem prevenir v\u00e1rias outras doen\u00e7as\u201d, finalizou L\u00facia Helena Rodrigues, gerente de pr\u00e1ticas assistenciais do HCCOR.\u00a0<\/p>\n\n\n\n<p><em>Fotos: Fabio Guimar\u00e3es<\/em><\/p>\n\n\n\n<p><strong><em>S\u00e3o Gon\u00e7alo Vai Mudar. O Maior Portal da Cidade.<\/em><\/strong><\/p>\n\n\n\n<figure class=\"wp-block-image size-full\"><img decoding=\"async\" width=\"250\" height=\"87\" src=\"https:\/\/sgvaimudar.com.br\/wp-content\/uploads\/2023\/08\/cropped-Logo.png\" alt=\"\" class=\"wp-image-2739\" \/><\/figure>\n","protected":false},"excerpt":{"rendered":"<p>Funcion\u00e1rios e colaboradores da unidade de sa\u00fade recebem orienta\u00e7\u00f5es O Hospital do C\u00e2ncer e do Cora\u00e7\u00e3o (HCCOR), na Lagoinha, com&hellip;<\/p>\n","protected":false},"author":5,"featured_media":15375,"comment_status":"open","ping_status":"open","sticky":false,"template":"","format":"standard","meta":{"fifu_image_url":"","fifu_image_alt":"","footnotes":""},"categories":[7],"tags":[],"class_list":["post-15373","post","type-post","status-publish","format-standard","has-post-thumbnail","hentry","category-saude"],"_links":{"self":[{"href":"https:\/\/sgvaimudar.com.br\/index.php\/wp-json\/wp\/v2\/posts\/15373","targetHints":{"allow":["GET"]}}],"collection":[{"href":"https:\/\/sgvaimudar.com.br\/index.php\/wp-json\/wp\/v2\/posts"}],"about":[{"href":"https:\/\/sgvaimudar.com.br\/index.php\/wp-json\/wp\/v2\/types\/post"}],"author":[{"embeddable":true,"href":"https:\/\/sgvaimudar.com.br\/index.php\/wp-json\/wp\/v2\/users\/5"}],"replies":[{"embeddable":true,"href":"https:\/\/sgvaimudar.com.br\/index.php\/wp-json\/wp\/v2\/comments?post=15373"}],"version-history":[{"count":1,"href":"https:\/\/sgvaimudar.com.br\/index.php\/wp-json\/wp\/v2\/posts\/15373\/revisions"}],"predecessor-version":[{"id":15376,"href":"https:\/\/sgvaimudar.com.br\/index.php\/wp-json\/wp\/v2\/posts\/15373\/revisions\/15376"}],"wp:featuredmedia":[{"embeddable":true,"href":"https:\/\/sgvaimudar.com.br\/index.php\/wp-json\/wp\/v2\/media\/15375"}],"wp:attachment":[{"href":"https:\/\/sgvaimudar.com.br\/index.php\/wp-json\/wp\/v2\/media?parent=15373"}],"wp:term":[{"taxonomy":"category","embeddable":true,"href":"https:\/\/sgvaimudar.com.br\/index.php\/wp-json\/wp\/v2\/categories?post=15373"},{"taxonomy":"post_tag","embeddable":true,"href":"https:\/\/sgvaimudar.com.br\/index.php\/wp-json\/wp\/v2\/tags?post=15373"}],"curies":[{"name":"wp","href":"https:\/\/api.w.org\/{rel}","templated":true}]}}