{"id":15368,"date":"2024-11-16T10:55:00","date_gmt":"2024-11-16T13:55:00","guid":{"rendered":"https:\/\/sgvaimudar.com.br\/?p=15368"},"modified":"2024-11-16T14:16:00","modified_gmt":"2024-11-16T17:16:00","slug":"manifestacao-gera-interdicao-total-da-br-101-em-sao-goncalo-durante-megaferiado","status":"publish","type":"post","link":"https:\/\/sgvaimudar.com.br\/index.php\/2024\/11\/16\/manifestacao-gera-interdicao-total-da-br-101-em-sao-goncalo-durante-megaferiado\/","title":{"rendered":"Manifesta\u00e7\u00e3o gera interdi\u00e7\u00e3o total da BR-101 em S\u00e3o Gon\u00e7alo durante megaferiado"},"content":{"rendered":"\n<p><em>Moradores reclamam da falta d&#8217;\u00e1gua na regi\u00e3o<\/em><\/p>\n\n\n\n<p>A noite desta sexta-feira (15), a BR-101, no trecho que corta o bairro Gradim, em S\u00e3o Gon\u00e7alo, viveu momento de confus\u00e3o e foi totalmente interditada no sentido Rio de Janeiro devido a uma manifesta\u00e7\u00e3o.<\/p>\n\n\n\n<figure class=\"wp-block-video\"><video height=\"848\" style=\"aspect-ratio: 480 \/ 848;\" width=\"480\" controls src=\"https:\/\/sgvaimudar.com.br\/wp-content\/uploads\/2024\/11\/WhatsApp-Video-2024-11-15-at-18.46.52.mp4\"><\/video><\/figure>\n\n\n\n<p>Por volta das 18h30, cerca de vinte pessoas bloquearam a pista com objetos colocados na pista, protestando contra a falta d&#8217;\u00e1gua em uma comunidade pr\u00f3xima.<\/p>\n\n\n\n<p>A Pol\u00edcia Rodovi\u00e1ria Federal (PRF), em conjunto com equipes da concession\u00e1ria Autopista Fluminense, foi acionada para o local. Por volta as 19h40, as duas faixas foram liberadas, mas o congestionamento no local ainda era de cerca de 1 km. A PRF e a Pol\u00edcia Militar est\u00e3o na \u00e1rea para garantir a seguran\u00e7a e a normaliza\u00e7\u00e3o do tr\u00e2nsito.<\/p>\n\n\n\n<figure class=\"wp-block-image size-large\"><img fetchpriority=\"high\" decoding=\"async\" width=\"1024\" height=\"768\" src=\"https:\/\/sgvaimudar.com.br\/wp-content\/uploads\/2024\/11\/WhatsApp-Image-2024-11-15-at-19.45.52-1024x768.jpeg\" alt=\"\" class=\"wp-image-15371\" srcset=\"https:\/\/sgvaimudar.com.br\/wp-content\/uploads\/2024\/11\/WhatsApp-Image-2024-11-15-at-19.45.52-1024x768.jpeg 1024w, https:\/\/sgvaimudar.com.br\/wp-content\/uploads\/2024\/11\/WhatsApp-Image-2024-11-15-at-19.45.52-300x225.jpeg 300w, https:\/\/sgvaimudar.com.br\/wp-content\/uploads\/2024\/11\/WhatsApp-Image-2024-11-15-at-19.45.52-768x576.jpeg 768w, https:\/\/sgvaimudar.com.br\/wp-content\/uploads\/2024\/11\/WhatsApp-Image-2024-11-15-at-19.45.52-1536x1152.jpeg 1536w, https:\/\/sgvaimudar.com.br\/wp-content\/uploads\/2024\/11\/WhatsApp-Image-2024-11-15-at-19.45.52.jpeg 1600w\" sizes=\"(max-width: 1024px) 100vw, 1024px\" \/><\/figure>\n\n\n\n<p>A empresa \u00c1guas do Rio foi procurada e informou que o reparo na rede de \u00e1gua foi  conclu\u00eddo \u00e0s 20h.<\/p>\n\n\n\n<p>Al\u00e9m da interdi\u00e7\u00e3o, o tr\u00e2nsito na BR-101 tamb\u00e9m est\u00e1 mais complicado devido ao feriad\u00e3o da Proclama\u00e7\u00e3o da Rep\u00fablica. A concession\u00e1ria Arteris Fluminense registra fluxo intenso de ve\u00edculos toda esta sexta-feira (15).<\/p>\n\n\n\n<p>A lentid\u00e3o come\u00e7a no KM 310, em S\u00e3o Gon\u00e7alo, e segue at\u00e9 o KM 293, em Itabora\u00ed, na mesma regi\u00e3o, com maior concentra\u00e7\u00e3o de tr\u00e1fego entre o bairro Jardim Catarina e o Itabora\u00ed Plaza.<\/p>\n\n\n\n<p>O feriado prolongado tem levado muitos motoristas a seguir para as praias da Regi\u00e3o dos Lagos e outras cidades tur\u00edsticas do estado. B\u00fazios, Cabo Frio e Arraial do Cabo est\u00e3o entre os destinos mais procurados.<\/p>\n\n\n\n<p>A previs\u00e3o \u00e9 de que, ao longo do feriado, mais de 422 mil ve\u00edculos passem pela BR-101, com picos de movimento a partir das 16h desta quinta-feira e durante todo o dia de sexta. Para o retorno, a estimativa \u00e9 de que mais de 100 mil ve\u00edculos trafeguem na rodovia, especialmente ap\u00f3s as 15h de domingo (17).<\/p>\n\n\n\n<p>A \u00c1guas do Rio informou que, no final do dia desta sexta-feira (15), equipes conclu\u00edram o reparo complexo de um grande vazamento que ocorreu em uma tubula\u00e7\u00e3o na rua Jurumenha, no Barro Vermelho, que \u00e9 respons\u00e1vel por levar \u00e1gua tratada para o Gradim e mais outros 22 bairros de S\u00e3o Gon\u00e7alo.<\/p>\n\n\n\n<p>&#8220;Equipes atuaram na manuten\u00e7\u00e3o desta adutora, que teve um grande vazamento ocasionado por liga\u00e7\u00f5es clandestinas. No momento, o fornecimento de \u00e1gua est\u00e1 sendo normalizado gradativamente nas regi\u00f5es&#8221;, disse a companhia na nota. <\/p>\n\n\n\n<p>A concession\u00e1ria refor\u00e7a que segue \u00e0 disposi\u00e7\u00e3o de seus clientes pelo 0800 195 0 195 (liga\u00e7\u00f5es gratuitas ou mensagens via WhastApp).<\/p>\n\n\n\n<p><strong><em><sup>S\u00e3o Gon\u00e7alo Vai Mudar. O Maior Portal da Cidade.<\/sup><\/em><\/strong><\/p>\n\n\n\n<figure class=\"wp-block-image size-full\"><img decoding=\"async\" width=\"251\" height=\"88\" src=\"https:\/\/sgvaimudar.com.br\/wp-content\/uploads\/2023\/08\/Logo.png\" alt=\"\" class=\"wp-image-2738\" \/><\/figure>\n\n\n\n<p> <\/p>\n","protected":false},"excerpt":{"rendered":"<p>Moradores reclamam da falta d&#8217;\u00e1gua na regi\u00e3o A noite desta sexta-feira (15), a BR-101, no trecho que corta o bairro&hellip;<\/p>\n","protected":false},"author":5,"featured_media":15370,"comment_status":"open","ping_status":"open","sticky":false,"template":"","format":"standard","meta":{"fifu_image_url":"","fifu_image_alt":"","footnotes":""},"categories":[32],"tags":[],"class_list":["post-15368","post","type-post","status-publish","format-standard","has-post-thumbnail","hentry","category-casos-de-policia"],"_links":{"self":[{"href":"https:\/\/sgvaimudar.com.br\/index.php\/wp-json\/wp\/v2\/posts\/15368","targetHints":{"allow":["GET"]}}],"collection":[{"href":"https:\/\/sgvaimudar.com.br\/index.php\/wp-json\/wp\/v2\/posts"}],"about":[{"href":"https:\/\/sgvaimudar.com.br\/index.php\/wp-json\/wp\/v2\/types\/post"}],"author":[{"embeddable":true,"href":"https:\/\/sgvaimudar.com.br\/index.php\/wp-json\/wp\/v2\/users\/5"}],"replies":[{"embeddable":true,"href":"https:\/\/sgvaimudar.com.br\/index.php\/wp-json\/wp\/v2\/comments?post=15368"}],"version-history":[{"count":2,"href":"https:\/\/sgvaimudar.com.br\/index.php\/wp-json\/wp\/v2\/posts\/15368\/revisions"}],"predecessor-version":[{"id":15411,"href":"https:\/\/sgvaimudar.com.br\/index.php\/wp-json\/wp\/v2\/posts\/15368\/revisions\/15411"}],"wp:featuredmedia":[{"embeddable":true,"href":"https:\/\/sgvaimudar.com.br\/index.php\/wp-json\/wp\/v2\/media\/15370"}],"wp:attachment":[{"href":"https:\/\/sgvaimudar.com.br\/index.php\/wp-json\/wp\/v2\/media?parent=15368"}],"wp:term":[{"taxonomy":"category","embeddable":true,"href":"https:\/\/sgvaimudar.com.br\/index.php\/wp-json\/wp\/v2\/categories?post=15368"},{"taxonomy":"post_tag","embeddable":true,"href":"https:\/\/sgvaimudar.com.br\/index.php\/wp-json\/wp\/v2\/tags?post=15368"}],"curies":[{"name":"wp","href":"https:\/\/api.w.org\/{rel}","templated":true}]}}