{"id":15312,"date":"2024-11-15T11:00:00","date_gmt":"2024-11-15T14:00:00","guid":{"rendered":"https:\/\/sgvaimudar.com.br\/?p=15312"},"modified":"2024-11-15T09:58:49","modified_gmt":"2024-11-15T12:58:49","slug":"saude-mantem-unidades-de-urgencia-abertas-em-sao-goncalo-no-feriado","status":"publish","type":"post","link":"https:\/\/sgvaimudar.com.br\/index.php\/2024\/11\/15\/saude-mantem-unidades-de-urgencia-abertas-em-sao-goncalo-no-feriado\/","title":{"rendered":"Sa\u00fade mant\u00e9m unidades de urg\u00eancia abertas em S\u00e3o Gon\u00e7alo no feriado"},"content":{"rendered":"\n<p><em>No s\u00e1bado, duas cl\u00ednicas gon\u00e7alenses abrem para vacina\u00e7\u00e3o at\u00e9 12h<\/em><\/p>\n\n\n\n<p>A Secretaria de Sa\u00fade da Prefeitura de S\u00e3o Gon\u00e7alo informou que, neste feriado do Dia da Proclama\u00e7\u00e3o da Rep\u00fablica (15 de novembro), todas as unidades de urg\u00eancia e emerg\u00eancia de sa\u00fade municipais v\u00e3o funcionar normalmente, 24h por dia. As reparti\u00e7\u00f5es p\u00fablicas da Prefeitura de S\u00e3o Gon\u00e7alo que n\u00e3o s\u00e3o essenciais ficam fechadas e voltam a funcionar na pr\u00f3xima segunda-feira (18).\u00a0\u00a0\u00a0<\/p>\n\n\n\n<p>Durante todo o per\u00edodo (do dia 15 ao dia 17), todas as unidades de urg\u00eancia e emerg\u00eancia de sa\u00fade municipais v\u00e3o funcionar normalmente, 24h por dia. S\u00e3o elas: Unidades Municipais de Pronto Atendimento (Umpas) do Pacheco, Nova Cidade e Santa Luzia; prontos-socorros Central (PSC) e Infantil (PSI), ambos no Z\u00e9 Garoto; Maternidade Municipal Dr. M\u00e1rio Niajar, em Alc\u00e2ntara; e a emerg\u00eancia da sa\u00fade mental no Hospital Luiz Palmier (HLP), no Z\u00e9 Garoto.\u00a0\u00a0<\/p>\n\n\n\n<p>O Centro de Triagem ao Coronav\u00edrus, no Z\u00e9 Garoto, abre sexta-feira (15), das 8h \u00e0s 13h. O CT fica fechado s\u00e1bado (16) e domingo (17). Vale lembrar que os gon\u00e7alenses t\u00eam que chegar uma hora antes da previs\u00e3o de t\u00e9rmino da testagem para covid-19.<\/p>\n\n\n\n<p>O Centro de Aten\u00e7\u00e3o Psicossocial (Caps) Francisco dos Santos Siqueira, no Centro (Rua General Ant\u00f4nio Rodrigues, 250, Centro) e o Centro de Aten\u00e7\u00e3o Psicossocial de \u00c1lcool e Drogas (Capsad) Dr. Daniel Gomes da Silva, em Vila Tr\u00eas (Rua Augusto Franco, 52, Vila Tr\u00eas) v\u00e3o funcionar 24h normalmente durante o per\u00edodo.\u00a0<\/p>\n\n\n\n<p>As Cl\u00ednicas Gon\u00e7alense do Mutondo e da Fam\u00edlia Dr. Zerbini, no Arsenal, ficam fechadas sexta-feira (15) e abrem no s\u00e1bado (16), das 8h \u00e0s 12h, para vacina\u00e7\u00f5es. Depois, as cl\u00ednicas reabrem na segunda-feira (18).\u00a0<\/p>\n\n\n\n<p>O Polo Sanit\u00e1rio H\u00e9lio Cruz, em Alc\u00e2ntara, abre sexta-feira (15), das 8h \u00e0s 12h, exclusivamente para a aplica\u00e7\u00e3o da vacina antirr\u00e1bica humana. Quando necess\u00e1ria a aplica\u00e7\u00e3o do soro antirr\u00e1bico, o paciente \u00e9 encaminhado ao Pronto Socorro Central (PSC), no Z\u00e9 Garoto, que funciona 24h todos os dias. Em casos de acidentes graves que necessitam de atendimento de urg\u00eancia ou emerg\u00eancia, fora do hor\u00e1rio de atendimento no polo sanit\u00e1rio, o paciente pode procurar o PSC para avalia\u00e7\u00e3o.\u00a0<\/p>\n\n\n\n<p>Todas as outras unidades de sa\u00fade da aten\u00e7\u00e3o b\u00e1sica e especializada estar\u00e3o fechadas de sexta-feira (15) at\u00e9 domingo (17). S\u00e3o elas: todos os postos de sa\u00fade, cl\u00ednicas, PAMs, CER III, Cl\u00ednica de Fisioterapia de Nova Cidade, Cl\u00ednica Municipal da Crian\u00e7a, Espa\u00e7o Rosa, polos sanit\u00e1rios,Ciesg e outros Caps. A Semsa informa que todas as unidades voltam a funcionar normalmente na pr\u00f3xima segunda-feira (18).\u00a0<\/p>\n\n\n\n<p><strong><em><sup>S\u00e3o Gon\u00e7alo Vai Mudar. O Maior Portal da Cidade.<\/sup><\/em><\/strong><\/p>\n\n\n\n<figure class=\"wp-block-image size-full\"><img decoding=\"async\" width=\"317\" height=\"111\" src=\"https:\/\/sgvaimudar.com.br\/wp-content\/uploads\/2023\/08\/Logo-Provisoria-2-2.png\" alt=\"\" class=\"wp-image-2781\" srcset=\"https:\/\/sgvaimudar.com.br\/wp-content\/uploads\/2023\/08\/Logo-Provisoria-2-2.png 317w, https:\/\/sgvaimudar.com.br\/wp-content\/uploads\/2023\/08\/Logo-Provisoria-2-2-300x105.png 300w\" sizes=\"(max-width: 317px) 100vw, 317px\" \/><\/figure>\n\n\n\n<p> <\/p>\n","protected":false},"excerpt":{"rendered":"<p>No s\u00e1bado, duas cl\u00ednicas gon\u00e7alenses abrem para vacina\u00e7\u00e3o at\u00e9 12h A Secretaria de Sa\u00fade da Prefeitura de S\u00e3o Gon\u00e7alo informou&hellip;<\/p>\n","protected":false},"author":5,"featured_media":15313,"comment_status":"open","ping_status":"open","sticky":false,"template":"","format":"standard","meta":{"fifu_image_url":"","fifu_image_alt":"","footnotes":""},"categories":[7],"tags":[],"class_list":["post-15312","post","type-post","status-publish","format-standard","has-post-thumbnail","hentry","category-saude"],"_links":{"self":[{"href":"https:\/\/sgvaimudar.com.br\/index.php\/wp-json\/wp\/v2\/posts\/15312","targetHints":{"allow":["GET"]}}],"collection":[{"href":"https:\/\/sgvaimudar.com.br\/index.php\/wp-json\/wp\/v2\/posts"}],"about":[{"href":"https:\/\/sgvaimudar.com.br\/index.php\/wp-json\/wp\/v2\/types\/post"}],"author":[{"embeddable":true,"href":"https:\/\/sgvaimudar.com.br\/index.php\/wp-json\/wp\/v2\/users\/5"}],"replies":[{"embeddable":true,"href":"https:\/\/sgvaimudar.com.br\/index.php\/wp-json\/wp\/v2\/comments?post=15312"}],"version-history":[{"count":1,"href":"https:\/\/sgvaimudar.com.br\/index.php\/wp-json\/wp\/v2\/posts\/15312\/revisions"}],"predecessor-version":[{"id":15314,"href":"https:\/\/sgvaimudar.com.br\/index.php\/wp-json\/wp\/v2\/posts\/15312\/revisions\/15314"}],"wp:featuredmedia":[{"embeddable":true,"href":"https:\/\/sgvaimudar.com.br\/index.php\/wp-json\/wp\/v2\/media\/15313"}],"wp:attachment":[{"href":"https:\/\/sgvaimudar.com.br\/index.php\/wp-json\/wp\/v2\/media?parent=15312"}],"wp:term":[{"taxonomy":"category","embeddable":true,"href":"https:\/\/sgvaimudar.com.br\/index.php\/wp-json\/wp\/v2\/categories?post=15312"},{"taxonomy":"post_tag","embeddable":true,"href":"https:\/\/sgvaimudar.com.br\/index.php\/wp-json\/wp\/v2\/tags?post=15312"}],"curies":[{"name":"wp","href":"https:\/\/api.w.org\/{rel}","templated":true}]}}