{"id":15299,"date":"2024-11-15T10:00:00","date_gmt":"2024-11-15T13:00:00","guid":{"rendered":"https:\/\/sgvaimudar.com.br\/?p=15299"},"modified":"2024-11-15T09:16:20","modified_gmt":"2024-11-15T12:16:20","slug":"projeto-em-sao-goncalo-reune-temas-debatidos-no-g20","status":"publish","type":"post","link":"https:\/\/sgvaimudar.com.br\/index.php\/2024\/11\/15\/projeto-em-sao-goncalo-reune-temas-debatidos-no-g20\/","title":{"rendered":"Projeto em S\u00e3o Gon\u00e7alo re\u00fane temas debatidos no G20"},"content":{"rendered":"\n<p><em>Muvi alia sustentabilidade com mobilidade e resili\u00eancia na cidade<\/em><\/p>\n\n\n\n<p>As obras do Projeto de Mobilidade Urbana Verde Integrada (Muvi) est\u00e3o na crista da onda. Elas avan\u00e7am em S\u00e3o Gon\u00e7alo para levar mais mobilidade para os moradores do munic\u00edpio e est\u00e3o fazendo o maior sucesso no G20. O projeto, que vai receber at\u00e9 o fim das obras investimentos de mais de R$ 310 milh\u00f5es, ser\u00e1 um corredor vi\u00e1rio que vai passar por mais de 18 bairros, em 18 quil\u00f4metros de extens\u00e3o, com mais de 32 esta\u00e7\u00f5es, indo de Guaxindiba a Neves.<\/p>\n\n\n\n<figure class=\"wp-block-image size-large\"><img fetchpriority=\"high\" decoding=\"async\" width=\"1024\" height=\"768\" src=\"https:\/\/sgvaimudar.com.br\/wp-content\/uploads\/2024\/11\/MUVI2-1024x768.jpeg\" alt=\"\" class=\"wp-image-15302\" srcset=\"https:\/\/sgvaimudar.com.br\/wp-content\/uploads\/2024\/11\/MUVI2-1024x768.jpeg 1024w, https:\/\/sgvaimudar.com.br\/wp-content\/uploads\/2024\/11\/MUVI2-300x225.jpeg 300w, https:\/\/sgvaimudar.com.br\/wp-content\/uploads\/2024\/11\/MUVI2-768x576.jpeg 768w, https:\/\/sgvaimudar.com.br\/wp-content\/uploads\/2024\/11\/MUVI2-1536x1152.jpeg 1536w, https:\/\/sgvaimudar.com.br\/wp-content\/uploads\/2024\/11\/MUVI2.jpeg 1600w\" sizes=\"(max-width: 1024px) 100vw, 1024px\" \/><\/figure>\n\n\n\n<p>Maior da hist\u00f3ria em mobilidade urbana do munic\u00edpio, o projeto tem frentes de trabalho que est\u00e3o dentro das discuss\u00f5es do G20, reuni\u00f5es das 20 maiores economias do mundo que acontece at\u00e9 a pr\u00f3xima semana no Rio com debates, palestras e oficinas com temas ligados \u00e0 sustentabilidade, resili\u00eancia e eventos clim\u00e1ticos extremos.<\/p>\n\n\n\n<figure class=\"wp-block-video\"><video height=\"1280\" style=\"aspect-ratio: 720 \/ 1280;\" width=\"720\" controls src=\"https:\/\/sgvaimudar.com.br\/wp-content\/uploads\/2024\/11\/Snapinsta.app_video_9344771A17A68F19ACF1FEF3EAA9E7AB_video_dashinit.mp4\"><\/video><\/figure>\n\n\n\n<p>Segundo o secret\u00e1rio de Estado das Cidades, Douglas Ruas, os projetos de sua Secretaria contam com ferramentas e solu\u00e7\u00f5es a m\u00e9dio e longo prazos que v\u00e3o fazer a diferen\u00e7a quando assunto s\u00e3o os eventos clim\u00e1ticos extremos. &#8220;A gente t\u00e1 conseguindo colocar as obras do Muvi, em S\u00e3o Gon\u00e7alo, dentro das discuss\u00f5es do G20, que vai discutir exatamente o que estamos propondo e fazendo na cidade&#8221;, disse Ruas.<\/p>\n\n\n\n<p>As interven\u00e7\u00f5es acontecem nos trechos 1, altura do bairro Vila Lage no sentido Niter\u00f3i; e trecho 2, na altura do bairro Porto Velho. H\u00e1 tamb\u00e9m frentes de trabalho no trecho 3 (\u00e1rea central) e trecho 5, na entrada do bairro Trindade, atr\u00e1s do 7\u00ba batalh\u00e3o.<\/p>\n\n\n\n<p>O projeto engloba interven\u00e7\u00f5es em drenagem, cal\u00e7amento com piso intertravado, asfalto, al\u00e9m da constru\u00e7\u00e3o de ciclovia.<\/p>\n\n\n\n<p><strong>Sobre o&nbsp;Muvi<\/strong><\/p>\n\n\n\n<p>O\u00a0Muvi\u00a0ser\u00e1 um corredor vi\u00e1rio de Guaxindiba at\u00e9 Neves, cortando mais de 18 bairros, composto por ciclovias, \u00e1reas verdes e de conviv\u00eancia, al\u00e9m de proporcionar o fluxo de tr\u00e2nsito mais seguro e rapidez nos deslocamentos. A obra \u00e9 uma parceria do Governo do Estado, atrav\u00e9s da Secretaria das Cidades, com a Prefeitura de S\u00e3o Gon\u00e7alo.\u00a0<\/p>\n\n\n\n<p><strong><em><sup>S\u00e3o Gon\u00e7alo Vai Mudar. O Maior Portal da Cidade<\/sup><\/em><\/strong><\/p>\n\n\n\n<figure class=\"wp-block-image size-full\"><img decoding=\"async\" width=\"251\" height=\"88\" src=\"https:\/\/sgvaimudar.com.br\/wp-content\/uploads\/2023\/08\/Logo.png\" alt=\"\" class=\"wp-image-2738\" \/><\/figure>\n","protected":false},"excerpt":{"rendered":"<p>Muvi alia sustentabilidade com mobilidade e resili\u00eancia na cidade As obras do Projeto de Mobilidade Urbana Verde Integrada (Muvi) est\u00e3o&hellip;<\/p>\n","protected":false},"author":5,"featured_media":15300,"comment_status":"open","ping_status":"open","sticky":false,"template":"","format":"standard","meta":{"fifu_image_url":"","fifu_image_alt":"","footnotes":""},"categories":[3],"tags":[],"class_list":["post-15299","post","type-post","status-publish","format-standard","has-post-thumbnail","hentry","category-sao-goncalo"],"_links":{"self":[{"href":"https:\/\/sgvaimudar.com.br\/index.php\/wp-json\/wp\/v2\/posts\/15299","targetHints":{"allow":["GET"]}}],"collection":[{"href":"https:\/\/sgvaimudar.com.br\/index.php\/wp-json\/wp\/v2\/posts"}],"about":[{"href":"https:\/\/sgvaimudar.com.br\/index.php\/wp-json\/wp\/v2\/types\/post"}],"author":[{"embeddable":true,"href":"https:\/\/sgvaimudar.com.br\/index.php\/wp-json\/wp\/v2\/users\/5"}],"replies":[{"embeddable":true,"href":"https:\/\/sgvaimudar.com.br\/index.php\/wp-json\/wp\/v2\/comments?post=15299"}],"version-history":[{"count":1,"href":"https:\/\/sgvaimudar.com.br\/index.php\/wp-json\/wp\/v2\/posts\/15299\/revisions"}],"predecessor-version":[{"id":15303,"href":"https:\/\/sgvaimudar.com.br\/index.php\/wp-json\/wp\/v2\/posts\/15299\/revisions\/15303"}],"wp:featuredmedia":[{"embeddable":true,"href":"https:\/\/sgvaimudar.com.br\/index.php\/wp-json\/wp\/v2\/media\/15300"}],"wp:attachment":[{"href":"https:\/\/sgvaimudar.com.br\/index.php\/wp-json\/wp\/v2\/media?parent=15299"}],"wp:term":[{"taxonomy":"category","embeddable":true,"href":"https:\/\/sgvaimudar.com.br\/index.php\/wp-json\/wp\/v2\/categories?post=15299"},{"taxonomy":"post_tag","embeddable":true,"href":"https:\/\/sgvaimudar.com.br\/index.php\/wp-json\/wp\/v2\/tags?post=15299"}],"curies":[{"name":"wp","href":"https:\/\/api.w.org\/{rel}","templated":true}]}}