{"id":15266,"date":"2024-11-14T19:00:00","date_gmt":"2024-11-14T22:00:00","guid":{"rendered":"https:\/\/sgvaimudar.com.br\/?p=15266"},"modified":"2024-11-14T11:23:59","modified_gmt":"2024-11-14T14:23:59","slug":"planalto-esta-insatisfeito-com-gleisi-hoffmann","status":"publish","type":"post","link":"https:\/\/sgvaimudar.com.br\/index.php\/2024\/11\/14\/planalto-esta-insatisfeito-com-gleisi-hoffmann\/","title":{"rendered":"Planalto est\u00e1 insatisfeito com Gleisi Hoffmann"},"content":{"rendered":"\n<p><em>Cr\u00edticas da presidente do PT \u00e0s medidas para cortar gastos repercutiram mal entre assessores de Lula<\/em><\/p>\n\n\n\n<p>Repercutiu muito mal no Pal\u00e1cio do Planalto a atitude da presidente do PT, Gleisi Hoffmann, de assinar um manifesto de movimentos sociais e de partidos de esquerda, como PT, PSOL, PDT e PCdoB, contra o corte de gastos em \u00e1reas sociais e o ajuste fiscal que deve ser anunciado nos pr\u00f3ximos dias pelo governo Lula.<\/p>\n\n\n\n<p>Antes de Gleisi endossar o documento, no Pal\u00e1cio do Planalto j\u00e1 havia insatisfa\u00e7\u00e3o com postagens dela nas redes sociais nas \u00faltimas semanas com duras cr\u00edticas \u00e0 equipe econ\u00f4mica.<\/p>\n\n\n\n<p>A dirigente petista vinha se posicionando contra as medidas que ainda devem ser divulgadas pelo ministro da Fazenda, Fernando Haddad. Para pessoas pr\u00f3ximas ao presidente Lula, a posi\u00e7\u00e3o de Gleisi \u201ccausou estranheza\u201d, para dizer o m\u00ednimo.<\/p>\n\n\n\n<p>Divulgado no domingo, 10, o manifesto \u201cMercado financeiro e m\u00eddia n\u00e3o podem ditar as regras para o pa\u00eds\u201d gerou uma crise entre petistas. O texto dizia defender a \u201csa\u00fade, educa\u00e7\u00e3o, previd\u00eancia e assist\u00eancia social\u201d e criticava a \u201cforte campanha especulativa e de ataques ao programa de reconstru\u00e7\u00e3o do pa\u00eds com desenvolvimento e justi\u00e7a social\u201d.<\/p>\n\n\n\n<p>\u201cNo momento em que o governo federal vem obtendo resultados significativos na recupera\u00e7\u00e3o do n\u00edvel de emprego, do sal\u00e1rio e da renda da popula\u00e7\u00e3o, tais avan\u00e7os s\u00e3o apresentados como pretexto para for\u00e7ar ainda mais a eleva\u00e7\u00e3o da taxa b\u00e1sica de juros, quando o pa\u00eds e suas for\u00e7as produtivas demandam exatamente o contr\u00e1rio: mais cr\u00e9dito e mais investimentos para fazer a economia girar\u201d, prosseguia o manifesto.<\/p>\n\n\n\n<p>Se o governo n\u00e3o fizer o corte de gastos, perder\u00e1 toda a sua capacidade de fazer pol\u00edtica p\u00fablica e o povo, mais adiante, ser\u00e1 prejudicado, observou um colaborador de Lula.<\/p>\n\n\n\n<p>No pal\u00e1cio, houve tamb\u00e9m reclama\u00e7\u00f5es contra uma postagem de Gleisi na rede social X logo ap\u00f3s a reuni\u00e3o do Copom dos dias 5 e 6 de novembro, que aumentou em 0,5 ponto percentual a taxa Selic. Gleisi, na ocasi\u00e3o, disse que diretores do Banco Central estariam sabotando a economia do pa\u00eds.<\/p>\n\n\n\n<p>Entre os nove diretores que aprovaram unanimemente o aumento estavam os quatro dirigentes da institui\u00e7\u00e3o indicados pelo presidente Lula \u2013 Gabriel Gal\u00edpolo, Ailton de Aquino Santos, Paulo Pichetti e Rodrigo Alves Teixeira.<\/p>\n\n\n\n<p>\u201c(O) Copom mant\u00e9m a sabotagem \u00e0 economia do pa\u00eds e eleva ainda mais os juros estratosf\u00e9ricos. Irresponsabilidade total com um pa\u00eds que precisa e quer continuar crescendo\u201d, escreveu a presidente do PT. Para um membro do governo, considerar Gal\u00edpolo e os outros diretores como \u201csabotadores\u201d seria o mesmo que chamar Lula e Haddad de \u201cing\u00eanuos e inocentes\u201d.<\/p>\n\n\n\n<p>A postagem de Gleisi na rede X, antigo Twitter, gerou um alerta \u2013 que ocorre quando leitores adicionam outras informa\u00e7\u00f5es que avaliam ser de interesse das demais pessoas (geralmente \u00e9 um recurso usado em casos de fake news) \u2013, lembrando que \u201ca vota\u00e7\u00e3o do Copom foi un\u00e2nime em elevar a taxa para 11,25%, (e) dos 9 membros do Copom 4 foram indicados pelo presidente Lula do seu partido\u201d.<\/p>\n\n\n\n<p>Gleisi, em seguida, rebateu: \u201cEngra\u00e7ado esse X, colocam na capa de meu Twitter um coment\u00e1rio de usu\u00e1rio dizendo ser um esclarecimento com conte\u00fado pol\u00edtico. Qual \u00e9 o crit\u00e9rio da sele\u00e7\u00e3o? Eu sei quem s\u00e3o os diretores do BC e vou continuar criticando a autoridade monet\u00e1ria toda vez que achar que eles est\u00e3o errando na decis\u00e3o. E aumentar 0,5% pontos na Selic \u00e9 desastroso para o nosso pa\u00eds\u201d, afirmou.<\/p>\n\n\n\n<p>Sobre o manifesto dos movimentos sociais e partidos, Gleisi alegou que os termos do manifesto estariam alinhados com uma nota emitida em junho pela Comiss\u00e3o Executiva Nacional do PT. Disse que o PT \u201cn\u00e3o faltar\u00e1 a Lula\u201d quando ocorrer a defini\u00e7\u00e3o sobre os cortes.<\/p>\n\n\n\n<p>O endosso do documento por Gleisi foi criticado publicamente pelo deputado estadual paulista Em\u00eddio de Souza (PT), ex-prefeito de Osasco e hoje bastante pr\u00f3ximo de Lula. \u201cN\u00f3s n\u00e3o estamos no governo, n\u00f3s somos o pr\u00f3prio governo. N\u00e3o somos um movimento social, somos o partido pol\u00edtico que dirige o pa\u00eds\u201d, observou Em\u00eddio. \u201cEvidentemente que o partido pode e deve debater o governo\u201d, afirmou o deputado, \u201cmas jamais num clima de confronta\u00e7\u00e3o e muito menos na m\u00eddia\u201d.<\/p>\n\n\n\n<p><em>Fonte: Estado de Minas<\/em><\/p>\n\n\n\n<figure class=\"wp-block-image size-full\"><img decoding=\"async\" width=\"251\" height=\"88\" src=\"https:\/\/sgvaimudar.com.br\/wp-content\/uploads\/2023\/08\/Logo.png\" alt=\"\" class=\"wp-image-2738\" \/><\/figure>\n","protected":false},"excerpt":{"rendered":"<p>Cr\u00edticas da presidente do PT \u00e0s medidas para cortar gastos repercutiram mal entre assessores de Lula Repercutiu muito mal no&hellip;<\/p>\n","protected":false},"author":5,"featured_media":15267,"comment_status":"open","ping_status":"open","sticky":false,"template":"","format":"standard","meta":{"fifu_image_url":"","fifu_image_alt":"","footnotes":""},"categories":[4],"tags":[],"class_list":["post-15266","post","type-post","status-publish","format-standard","has-post-thumbnail","hentry","category-brasil"],"_links":{"self":[{"href":"https:\/\/sgvaimudar.com.br\/index.php\/wp-json\/wp\/v2\/posts\/15266","targetHints":{"allow":["GET"]}}],"collection":[{"href":"https:\/\/sgvaimudar.com.br\/index.php\/wp-json\/wp\/v2\/posts"}],"about":[{"href":"https:\/\/sgvaimudar.com.br\/index.php\/wp-json\/wp\/v2\/types\/post"}],"author":[{"embeddable":true,"href":"https:\/\/sgvaimudar.com.br\/index.php\/wp-json\/wp\/v2\/users\/5"}],"replies":[{"embeddable":true,"href":"https:\/\/sgvaimudar.com.br\/index.php\/wp-json\/wp\/v2\/comments?post=15266"}],"version-history":[{"count":1,"href":"https:\/\/sgvaimudar.com.br\/index.php\/wp-json\/wp\/v2\/posts\/15266\/revisions"}],"predecessor-version":[{"id":15268,"href":"https:\/\/sgvaimudar.com.br\/index.php\/wp-json\/wp\/v2\/posts\/15266\/revisions\/15268"}],"wp:featuredmedia":[{"embeddable":true,"href":"https:\/\/sgvaimudar.com.br\/index.php\/wp-json\/wp\/v2\/media\/15267"}],"wp:attachment":[{"href":"https:\/\/sgvaimudar.com.br\/index.php\/wp-json\/wp\/v2\/media?parent=15266"}],"wp:term":[{"taxonomy":"category","embeddable":true,"href":"https:\/\/sgvaimudar.com.br\/index.php\/wp-json\/wp\/v2\/categories?post=15266"},{"taxonomy":"post_tag","embeddable":true,"href":"https:\/\/sgvaimudar.com.br\/index.php\/wp-json\/wp\/v2\/tags?post=15266"}],"curies":[{"name":"wp","href":"https:\/\/api.w.org\/{rel}","templated":true}]}}