{"id":15238,"date":"2024-11-14T12:45:00","date_gmt":"2024-11-14T15:45:00","guid":{"rendered":"https:\/\/sgvaimudar.com.br\/?p=15238"},"modified":"2024-11-14T10:29:29","modified_gmt":"2024-11-14T13:29:29","slug":"video-mostra-exato-momento-em-que-homem-bomba-explode-em-frente-ao-stf","status":"publish","type":"post","link":"https:\/\/sgvaimudar.com.br\/index.php\/2024\/11\/14\/video-mostra-exato-momento-em-que-homem-bomba-explode-em-frente-ao-stf\/","title":{"rendered":"V\u00eddeo mostra exato momento em que homem-bomba explode em frente ao STF"},"content":{"rendered":"\n<p>C\u00e2meras de seguran\u00e7a do Supremo Tribunal Federal (STF) registraram o momento exato em que Francisco Wanderley Luiz, 59 anos, detonou um explosivo em frente \u00e0 sede do Poder Judici\u00e1rio, na noite dessa quarta-feira (13\/11).<\/p>\n\n\n\n<figure class=\"wp-block-video\"><video height=\"1280\" style=\"aspect-ratio: 720 \/ 1280;\" width=\"720\" controls src=\"https:\/\/sgvaimudar.com.br\/wp-content\/uploads\/2024\/11\/Snapinsta.app_video_904AA7FB7466598565AB376B60AE8CA8_video_dashinit.mp4\"><\/video><\/figure>\n\n\n\n<p>Pelas imagens, \u00e9 poss\u00edvel ver o momento que o artefato explode, surgem fogos de artif\u00edcio e fuma\u00e7a come\u00e7a a sair da \u00e1rea pr\u00f3xima \u00e0 cabe\u00e7a dele.<\/p>\n\n\n\n<p>Francisco foi candidato a vereador pelo Partido Liberal (PL), em 2020, na cidade de Rio do Sul (SC), onde morava. L\u00e1, ele era conhecido como Ti\u00fc Fran\u00e7a. Ele morreu no local, no momento da explos\u00e3o.<\/p>\n\n\n\n<p>Ele estava no Distrito Federal havia cerca de tr\u00eas meses, morando em uma casa alugada em Ceil\u00e2ndia.<\/p>\n\n\n\n<p>Fonte: metr\u00f3poles<\/p>\n\n\n\n<figure class=\"wp-block-image size-full\"><img decoding=\"async\" width=\"251\" height=\"88\" src=\"https:\/\/sgvaimudar.com.br\/wp-content\/uploads\/2023\/08\/Logo.png\" alt=\"\" class=\"wp-image-2738\" \/><\/figure>\n","protected":false},"excerpt":{"rendered":"<p>C\u00e2meras de seguran\u00e7a do Supremo Tribunal Federal (STF) registraram o momento exato em que Francisco Wanderley Luiz, 59 anos, detonou&hellip;<\/p>\n","protected":false},"author":5,"featured_media":15244,"comment_status":"open","ping_status":"open","sticky":false,"template":"","format":"standard","meta":{"fifu_image_url":"","fifu_image_alt":"","footnotes":""},"categories":[32],"tags":[],"class_list":["post-15238","post","type-post","status-publish","format-standard","has-post-thumbnail","hentry","category-casos-de-policia"],"_links":{"self":[{"href":"https:\/\/sgvaimudar.com.br\/index.php\/wp-json\/wp\/v2\/posts\/15238","targetHints":{"allow":["GET"]}}],"collection":[{"href":"https:\/\/sgvaimudar.com.br\/index.php\/wp-json\/wp\/v2\/posts"}],"about":[{"href":"https:\/\/sgvaimudar.com.br\/index.php\/wp-json\/wp\/v2\/types\/post"}],"author":[{"embeddable":true,"href":"https:\/\/sgvaimudar.com.br\/index.php\/wp-json\/wp\/v2\/users\/5"}],"replies":[{"embeddable":true,"href":"https:\/\/sgvaimudar.com.br\/index.php\/wp-json\/wp\/v2\/comments?post=15238"}],"version-history":[{"count":1,"href":"https:\/\/sgvaimudar.com.br\/index.php\/wp-json\/wp\/v2\/posts\/15238\/revisions"}],"predecessor-version":[{"id":15240,"href":"https:\/\/sgvaimudar.com.br\/index.php\/wp-json\/wp\/v2\/posts\/15238\/revisions\/15240"}],"wp:featuredmedia":[{"embeddable":true,"href":"https:\/\/sgvaimudar.com.br\/index.php\/wp-json\/wp\/v2\/media\/15244"}],"wp:attachment":[{"href":"https:\/\/sgvaimudar.com.br\/index.php\/wp-json\/wp\/v2\/media?parent=15238"}],"wp:term":[{"taxonomy":"category","embeddable":true,"href":"https:\/\/sgvaimudar.com.br\/index.php\/wp-json\/wp\/v2\/categories?post=15238"},{"taxonomy":"post_tag","embeddable":true,"href":"https:\/\/sgvaimudar.com.br\/index.php\/wp-json\/wp\/v2\/tags?post=15238"}],"curies":[{"name":"wp","href":"https:\/\/api.w.org\/{rel}","templated":true}]}}