{"id":15203,"date":"2024-11-13T19:05:00","date_gmt":"2024-11-13T22:05:00","guid":{"rendered":"https:\/\/sgvaimudar.com.br\/?p=15203"},"modified":"2024-11-13T10:56:15","modified_gmt":"2024-11-13T13:56:15","slug":"prefeito-capitao-nelson-recebe-visita-de-ex-combatente-da-segunda-guerra-mundial","status":"publish","type":"post","link":"https:\/\/sgvaimudar.com.br\/index.php\/2024\/11\/13\/prefeito-capitao-nelson-recebe-visita-de-ex-combatente-da-segunda-guerra-mundial\/","title":{"rendered":"Prefeito Capit\u00e3o Nelson recebe visita de ex-combatente da Segunda Guerra Mundial"},"content":{"rendered":"\n<p><em>Capit\u00e3o Nelson conheceu o segundo tenente Walfrid de Moraes<\/em><\/p>\n\n\n\n<p>O prefeito Capit\u00e3o Nelson recebeu em seu gabinete, nesta segunda-feira (11), o veterano da Segunda Guerra Mundial Walfrid de Moraes, de 103 anos, residente de S\u00e3o Gon\u00e7alo. O 2\u00ba tenente do Ex\u00e9rcito Walfrid lutou na It\u00e1lia junto \u00e0 For\u00e7a Expedicion\u00e1ria Brasileira, h\u00e1 80 anos.<\/p>\n\n\n\n<figure class=\"wp-block-image size-large\"><img fetchpriority=\"high\" decoding=\"async\" width=\"1024\" height=\"684\" src=\"https:\/\/sgvaimudar.com.br\/wp-content\/uploads\/2024\/11\/unnamed-7-6-1024x684.jpg\" alt=\"\" class=\"wp-image-15204\" srcset=\"https:\/\/sgvaimudar.com.br\/wp-content\/uploads\/2024\/11\/unnamed-7-6-1024x684.jpg 1024w, https:\/\/sgvaimudar.com.br\/wp-content\/uploads\/2024\/11\/unnamed-7-6-300x200.jpg 300w, https:\/\/sgvaimudar.com.br\/wp-content\/uploads\/2024\/11\/unnamed-7-6-768x513.jpg 768w, https:\/\/sgvaimudar.com.br\/wp-content\/uploads\/2024\/11\/unnamed-7-6-1536x1027.jpg 1536w, https:\/\/sgvaimudar.com.br\/wp-content\/uploads\/2024\/11\/unnamed-7-6.jpg 1616w\" sizes=\"(max-width: 1024px) 100vw, 1024px\" \/><\/figure>\n\n\n\n<p>O prefeito Capit\u00e3o Nelson destacou a import\u00e2ncia de valorizar a hist\u00f3ria da cidade e mun\u00edcipes como Walfrid.<\/p>\n\n\n\n<p>\u201c\u00c9 importante a gente relembrar e n\u00e3o deixar essa mem\u00f3ria morrer. Anualmente sempre tivemos dois desfiles na cidade. Quando retornei com os desfiles ap\u00f3s o per\u00edodo de pandemia, fiz quest\u00e3o de chamar as For\u00e7as Armadas para participar\u201d, destacou prefeito, valorizando a participa\u00e7\u00e3o e reconhecimento que os militares t\u00eam por parte da popula\u00e7\u00e3o nos desfiles c\u00edvico-militares.<\/p>\n\n\n\n<p>Walfrid \u00e9 um dos mais de 25 mil brasileiros que atuaram no maior conflito b\u00e9lico da humanidade e \u00e9 um dos homenageados na exposi\u00e7\u00e3o \u201cS\u00e3o Gon\u00e7alo vai \u00e0 Segunda Guerra Mundial: os 80 anos do Embarque da FEB\u201d, que pode ser conferida no hall do Teatro Municipal George Savalla Gomes, no Centro. A exposi\u00e7\u00e3o est\u00e1 aberta ao p\u00fablico de segunda a sexta-feira, das 9h \u00e0s 17h, com curadoria e pesquisa de Danilo e Daniel Dinucci.<\/p>\n\n\n\n<p>\u201cEsse movimento que o Capit\u00e3o Nelson iniciou de volta da autoestima do gon\u00e7alense tamb\u00e9m passa por esse ponto, de exaltar pessoas como Sr.Walfrid que fazem parte da hist\u00f3ria do munic\u00edpio\u201d, disse a secret\u00e1ria de Turismo e Cultura J\u00falia Sobreira, que ajudou a intermediar o encontro do ex-combatente com o prefeito.<\/p>\n\n\n\n<p>Esbanjando bom humor, o veterano da Segunda Guerra cumprimentou o prefeito Capit\u00e3o Nelson.<\/p>\n\n\n\n<p>\u201cConhecer uma pessoa igual a ele \u00e9 uma satisfa\u00e7\u00e3o. A ele dou minha m\u00e3o e cumprimento, porque tem cidad\u00e3o e pol\u00edticos por a\u00ed que eu prefiro nem ver\u201d, disse o segundo tenente do Ex\u00e9rcito, relembrando que j\u00e1 tinha tirado uma foto com o prefeito Capit\u00e3o Nelson, mas ainda n\u00e3o havia tido a oportunidade de conhec\u00ea-lo. O Segundo tenente presenteou o prefeito com dois patches: um do Quinto Ex\u00e9rcito e outro da For\u00e7a Expedicion\u00e1ria Brasileira (FEB).<\/p>\n\n\n\n<p>Tamb\u00e9m participaram do encontro Daniel Dinucci, historiador e curador da exposi\u00e7\u00e3o \u201cS\u00e3o Gon\u00e7alo vai \u00e0 Segunda Guerra Mundial: os 80 anos do Embarque da FEB\u201d, Ant\u00f4nio Paulo de Moraes, filho do ex-combatente e Ana Paula Moraes, neta de Walfrid.<\/p>\n\n\n\n<p><em>Fotos: Renan Otto<\/em><\/p>\n\n\n\n<p><strong><em><sub>S\u00e3o Gon\u00e7alo Vai Mudar. O Maior Portal da Cidade.<\/sub><\/em><\/strong><\/p>\n\n\n\n<figure class=\"wp-block-image size-full\"><img decoding=\"async\" width=\"251\" height=\"88\" src=\"https:\/\/sgvaimudar.com.br\/wp-content\/uploads\/2023\/08\/Logo.png\" alt=\"\" class=\"wp-image-2738\" \/><\/figure>\n","protected":false},"excerpt":{"rendered":"<p>Capit\u00e3o Nelson conheceu o segundo tenente Walfrid de Moraes O prefeito Capit\u00e3o Nelson recebeu em seu gabinete, nesta segunda-feira (11),&hellip;<\/p>\n","protected":false},"author":5,"featured_media":15205,"comment_status":"open","ping_status":"open","sticky":false,"template":"","format":"standard","meta":{"fifu_image_url":"","fifu_image_alt":"","footnotes":""},"categories":[3],"tags":[],"class_list":["post-15203","post","type-post","status-publish","format-standard","has-post-thumbnail","hentry","category-sao-goncalo"],"_links":{"self":[{"href":"https:\/\/sgvaimudar.com.br\/index.php\/wp-json\/wp\/v2\/posts\/15203","targetHints":{"allow":["GET"]}}],"collection":[{"href":"https:\/\/sgvaimudar.com.br\/index.php\/wp-json\/wp\/v2\/posts"}],"about":[{"href":"https:\/\/sgvaimudar.com.br\/index.php\/wp-json\/wp\/v2\/types\/post"}],"author":[{"embeddable":true,"href":"https:\/\/sgvaimudar.com.br\/index.php\/wp-json\/wp\/v2\/users\/5"}],"replies":[{"embeddable":true,"href":"https:\/\/sgvaimudar.com.br\/index.php\/wp-json\/wp\/v2\/comments?post=15203"}],"version-history":[{"count":1,"href":"https:\/\/sgvaimudar.com.br\/index.php\/wp-json\/wp\/v2\/posts\/15203\/revisions"}],"predecessor-version":[{"id":15206,"href":"https:\/\/sgvaimudar.com.br\/index.php\/wp-json\/wp\/v2\/posts\/15203\/revisions\/15206"}],"wp:featuredmedia":[{"embeddable":true,"href":"https:\/\/sgvaimudar.com.br\/index.php\/wp-json\/wp\/v2\/media\/15205"}],"wp:attachment":[{"href":"https:\/\/sgvaimudar.com.br\/index.php\/wp-json\/wp\/v2\/media?parent=15203"}],"wp:term":[{"taxonomy":"category","embeddable":true,"href":"https:\/\/sgvaimudar.com.br\/index.php\/wp-json\/wp\/v2\/categories?post=15203"},{"taxonomy":"post_tag","embeddable":true,"href":"https:\/\/sgvaimudar.com.br\/index.php\/wp-json\/wp\/v2\/tags?post=15203"}],"curies":[{"name":"wp","href":"https:\/\/api.w.org\/{rel}","templated":true}]}}