{"id":15200,"date":"2024-11-13T21:00:00","date_gmt":"2024-11-14T00:00:00","guid":{"rendered":"https:\/\/sgvaimudar.com.br\/?p=15200"},"modified":"2024-11-13T10:52:47","modified_gmt":"2024-11-13T13:52:47","slug":"sao-goncalo-promove-eventos-em-defesa-da-mulher","status":"publish","type":"post","link":"https:\/\/sgvaimudar.com.br\/index.php\/2024\/11\/13\/sao-goncalo-promove-eventos-em-defesa-da-mulher\/","title":{"rendered":"S\u00e3o Gon\u00e7alo promove eventos em defesa da mulher"},"content":{"rendered":"\n<p><em>Munic\u00edpio participa de campanha pelo fim da viol\u00eancia de g\u00eanero<\/em><\/p>\n\n\n\n<p>A Subsecretaria de Pol\u00edticas P\u00fablicas para as Mulheres da Prefeitura de S\u00e3o Gon\u00e7alo vai realizar uma s\u00e9rie de a\u00e7\u00f5es em prol da campanha \u201c21 dias de ativismo pelo fim da viol\u00eancia contra as mulheres\u201d. Ser\u00e3o realizadas palestras e atividades f\u00edsicas na cidade.\u00a0<\/p>\n\n\n\n<figure class=\"wp-block-image size-large\"><img fetchpriority=\"high\" decoding=\"async\" width=\"1024\" height=\"1024\" src=\"https:\/\/sgvaimudar.com.br\/wp-content\/uploads\/2024\/11\/unnamed-5-6-1024x1024.jpg\" alt=\"\" class=\"wp-image-15201\" srcset=\"https:\/\/sgvaimudar.com.br\/wp-content\/uploads\/2024\/11\/unnamed-5-6-1024x1024.jpg 1024w, https:\/\/sgvaimudar.com.br\/wp-content\/uploads\/2024\/11\/unnamed-5-6-300x300.jpg 300w, https:\/\/sgvaimudar.com.br\/wp-content\/uploads\/2024\/11\/unnamed-5-6-150x150.jpg 150w, https:\/\/sgvaimudar.com.br\/wp-content\/uploads\/2024\/11\/unnamed-5-6-768x768.jpg 768w, https:\/\/sgvaimudar.com.br\/wp-content\/uploads\/2024\/11\/unnamed-5-6.jpg 1200w\" sizes=\"(max-width: 1024px) 100vw, 1024px\" \/><\/figure>\n\n\n\n<p>A iniciativa faz parte de um movimento internacional, que teve in\u00edcio em 1991 com 23 mulheres ativistas do Instituto de Lideran\u00e7a Global das Mulheres, cujo objetivo \u00e9 divulgar dados e incentivar organiza\u00e7\u00f5es a fazerem campanhas de conscientiza\u00e7\u00e3o e de mobiliza\u00e7\u00e3o pelo fim da viol\u00eancia contra a mulher.&nbsp;<\/p>\n\n\n\n<p>No Brasil, a campanha tem in\u00edcio no dia 20 de novembro, Dia da Consci\u00eancia Negra, considerando a dupla vulnerabilidade da mulher negra e, por isso, aqui \u00e9 chamada de &#8220;21 Dias de Ativismo pelo fim da Viol\u00eancia Contra as Mulheres&#8221; e finaliza dia 10 de dezembro, no Dia Internacional dos Direitos Humanos.&nbsp;<\/p>\n\n\n\n<p>Na pr\u00f3xima quinta-feira (14), \u00e0s 14h30, no Espa\u00e7o Mais Conhecimento do Partage Shopping, haver\u00e1 um encontro com o desembargador do Tribunal de Justi\u00e7a do Estado do Rio de Janeiro, Wagner Cinelli, onde ser\u00e1 tratado assuntos sobre relacionamento abusivo, o rompimento do sil\u00eancio e a quebra do ciclo de viol\u00eancia.&nbsp;O desembargador tamb\u00e9m ir\u00e1 tratar sobre o tema do livro \u201cO \u00daltimo Dia\u201d, que tem como conte\u00fado a reflex\u00e3o a respeito da viol\u00eancia de g\u00eanero, considerada hist\u00f3rica, estrutural, tr\u00e1gica e urgente.<\/p>\n\n\n\n<p>J\u00e1 no dia 26 de novembro, a subsecretaria vai realizar uma grande aula de gin\u00e1stica, \u00e0s 9h, no P\u00e1tio Alc\u00e2ntara, seguida por uma palestra sobre ativismo feminino e luta por direitos.&nbsp;<\/p>\n\n\n\n<p>No dia 27 de novembro, \u00e0s 9h30, haver\u00e1 uma palestra sobre viol\u00eancia dom\u00e9stica realizada por profissionais do Centro Especial de Orienta\u00e7\u00e3o \u00c0 Mulher Zuzu Angel (CEOM), no Centro de Inclus\u00e3o Municipal Hellen Keller (CIM), no Vila Lage.<\/p>\n\n\n\n<p>E, no dia 6 de dezembro, para encerrar a programa\u00e7\u00e3o da campanha, ser\u00e1 concedida uma palestra em alus\u00e3o ao Dia Internacional dos Direitos Humanos, no Centro Especial de Orienta\u00e7\u00e3o \u00c0 Mulher Zuzu Angel (CEOM), em Neves, \u00e0s 14h.<\/p>\n\n\n\n<p><strong><em><sup>S\u00e3o Gon\u00e7alo Vai Mudar. O Maior Portal da Cidade.<\/sup><\/em><\/strong><\/p>\n\n\n\n<figure class=\"wp-block-image size-full\"><img decoding=\"async\" width=\"251\" height=\"88\" src=\"https:\/\/sgvaimudar.com.br\/wp-content\/uploads\/2023\/08\/Logo.png\" alt=\"\" class=\"wp-image-2738\" \/><\/figure>\n","protected":false},"excerpt":{"rendered":"<p>Munic\u00edpio participa de campanha pelo fim da viol\u00eancia de g\u00eanero A Subsecretaria de Pol\u00edticas P\u00fablicas para as Mulheres da Prefeitura&hellip;<\/p>\n","protected":false},"author":5,"featured_media":5825,"comment_status":"open","ping_status":"open","sticky":false,"template":"","format":"standard","meta":{"fifu_image_url":"","fifu_image_alt":"","footnotes":""},"categories":[3],"tags":[],"class_list":["post-15200","post","type-post","status-publish","format-standard","has-post-thumbnail","hentry","category-sao-goncalo"],"_links":{"self":[{"href":"https:\/\/sgvaimudar.com.br\/index.php\/wp-json\/wp\/v2\/posts\/15200","targetHints":{"allow":["GET"]}}],"collection":[{"href":"https:\/\/sgvaimudar.com.br\/index.php\/wp-json\/wp\/v2\/posts"}],"about":[{"href":"https:\/\/sgvaimudar.com.br\/index.php\/wp-json\/wp\/v2\/types\/post"}],"author":[{"embeddable":true,"href":"https:\/\/sgvaimudar.com.br\/index.php\/wp-json\/wp\/v2\/users\/5"}],"replies":[{"embeddable":true,"href":"https:\/\/sgvaimudar.com.br\/index.php\/wp-json\/wp\/v2\/comments?post=15200"}],"version-history":[{"count":1,"href":"https:\/\/sgvaimudar.com.br\/index.php\/wp-json\/wp\/v2\/posts\/15200\/revisions"}],"predecessor-version":[{"id":15202,"href":"https:\/\/sgvaimudar.com.br\/index.php\/wp-json\/wp\/v2\/posts\/15200\/revisions\/15202"}],"wp:featuredmedia":[{"embeddable":true,"href":"https:\/\/sgvaimudar.com.br\/index.php\/wp-json\/wp\/v2\/media\/5825"}],"wp:attachment":[{"href":"https:\/\/sgvaimudar.com.br\/index.php\/wp-json\/wp\/v2\/media?parent=15200"}],"wp:term":[{"taxonomy":"category","embeddable":true,"href":"https:\/\/sgvaimudar.com.br\/index.php\/wp-json\/wp\/v2\/categories?post=15200"},{"taxonomy":"post_tag","embeddable":true,"href":"https:\/\/sgvaimudar.com.br\/index.php\/wp-json\/wp\/v2\/tags?post=15200"}],"curies":[{"name":"wp","href":"https:\/\/api.w.org\/{rel}","templated":true}]}}