{"id":15178,"date":"2024-11-13T12:00:00","date_gmt":"2024-11-13T15:00:00","guid":{"rendered":"https:\/\/sgvaimudar.com.br\/?p=15178"},"modified":"2024-11-13T10:02:40","modified_gmt":"2024-11-13T13:02:40","slug":"15178","status":"publish","type":"post","link":"https:\/\/sgvaimudar.com.br\/index.php\/2024\/11\/13\/15178\/","title":{"rendered":"Mutir\u00e3o garante entrega de aparelhos auditivos a gon\u00e7alenses"},"content":{"rendered":"\n<p><em>Mais de 1.400 moradores ser\u00e3o beneficiados ainda este ano<\/em><\/p>\n\n\n\n<p>A bab\u00e1 Vanessa Mota de Andrade, 39, com defici\u00eancia auditiva, recebeu o seu primeiro aparelho de amplifica\u00e7\u00e3o sonora individual na manh\u00e3 desta ter\u00e7a-feira (12). Al\u00e9m dela, outros 79 pacientes ganharam a pr\u00f3tese em cerim\u00f4nia simb\u00f3lica no Teatro Municipal de S\u00e3o Gon\u00e7alo. A entrega realizada pela Secretaria de Sa\u00fade da Prefeitura de S\u00e3o Gon\u00e7alo, em parceria com o Governo do Estado, faz parte do in\u00edcio de um mutir\u00e3o que vai entregar mais de 1,4 mil aparelhos para deficientes auditivos na cidade at\u00e9 o fim deste ano.\u00a0<\/p>\n\n\n\n<figure class=\"wp-block-image size-large\"><img fetchpriority=\"high\" decoding=\"async\" width=\"1024\" height=\"684\" src=\"https:\/\/sgvaimudar.com.br\/wp-content\/uploads\/2024\/11\/unnamed-1-9-1024x684.jpg\" alt=\"\" class=\"wp-image-15179\" srcset=\"https:\/\/sgvaimudar.com.br\/wp-content\/uploads\/2024\/11\/unnamed-1-9-1024x684.jpg 1024w, https:\/\/sgvaimudar.com.br\/wp-content\/uploads\/2024\/11\/unnamed-1-9-300x200.jpg 300w, https:\/\/sgvaimudar.com.br\/wp-content\/uploads\/2024\/11\/unnamed-1-9-768x513.jpg 768w, https:\/\/sgvaimudar.com.br\/wp-content\/uploads\/2024\/11\/unnamed-1-9-1536x1027.jpg 1536w, https:\/\/sgvaimudar.com.br\/wp-content\/uploads\/2024\/11\/unnamed-1-9.jpg 1616w\" sizes=\"(max-width: 1024px) 100vw, 1024px\" \/><\/figure>\n\n\n\n<p>\u00a0\u201cO Capit\u00e3o Nelson \u00e9 um prefeito diferenciado. Faz um governo inclusivo e com amor. Ele se entrega em tudo que se compromete a fazer. E esse \u00e9 um momento de reflex\u00e3o para parar e agradecer porque a gente sabe o quanto um aparelho desse traz inclus\u00e3o, previne o isolamento social, a exclus\u00e3o, a depress\u00e3o e d\u00e1 mais autonomia para a pessoa com defici\u00eancia. A Secretaria de Sa\u00fade n\u00e3o vai medir esfor\u00e7os para mais eventos como esse, com mais inclus\u00e3o\u201d, disse a secret\u00e1ria de Sa\u00fade, Bianca Serour.<\/p>\n\n\n\n<figure class=\"wp-block-image size-large\"><img decoding=\"async\" width=\"684\" height=\"1024\" src=\"https:\/\/sgvaimudar.com.br\/wp-content\/uploads\/2024\/11\/unnamed-3-8-684x1024.jpg\" alt=\"\" class=\"wp-image-15181\" srcset=\"https:\/\/sgvaimudar.com.br\/wp-content\/uploads\/2024\/11\/unnamed-3-8-684x1024.jpg 684w, https:\/\/sgvaimudar.com.br\/wp-content\/uploads\/2024\/11\/unnamed-3-8-200x300.jpg 200w, https:\/\/sgvaimudar.com.br\/wp-content\/uploads\/2024\/11\/unnamed-3-8-768x1149.jpg 768w, https:\/\/sgvaimudar.com.br\/wp-content\/uploads\/2024\/11\/unnamed-3-8-1027x1536.jpg 1027w, https:\/\/sgvaimudar.com.br\/wp-content\/uploads\/2024\/11\/unnamed-3-8.jpg 1080w\" sizes=\"(max-width: 684px) 100vw, 684px\" \/><\/figure>\n\n\n\n<p>Todos os beneficiados j\u00e1 est\u00e3o inscritos na Coordenadoria de Reabilita\u00e7\u00e3o da Secretaria de Sa\u00fade. O mutir\u00e3o est\u00e1 sendo concretizado atrav\u00e9s da resolu\u00e7\u00e3o SES n\u00ba 3.268, de 07 de mar\u00e7o de 2024, que instituiu o cofinanciamento para amplia\u00e7\u00e3o do acesso aos aparelhos auditivos e ser\u00e1 executado pela Associa\u00e7\u00e3o Brasileira de Assist\u00eancia ao Excepcional (Abrae).<\/p>\n\n\n\n<p>\u201cEstamos h\u00e1 17 anos atendendo com diagn\u00f3stico, exames, avalia\u00e7\u00e3o do melhor aparelho, adapta\u00e7\u00e3o e o acompanhamento para os pacientes. J\u00e1 atendemos mais de 6 mil pessoas nesse per\u00edodo, isso \u00e9 inclus\u00e3o social. Agora, depois de receberem os aparelhos, \u00e9 muito importante a ida dos pacientes ao atendimento para a avalia\u00e7\u00e3o. O aparelho \u00e9 ajustado individualmente dependendo da necessidade de cada usu\u00e1rio\u201d, explicou Maria das Gra\u00e7as Pinho, diretora executiva da Abrae.&nbsp;<\/p>\n\n\n\n<p>Tamb\u00e9m presente na cerim\u00f4nia de entrega, Fabr\u00edcio de Souza Oliveira, coordenador de Aten\u00e7\u00e3o Especializada e Gest\u00e3o de Tecnologia da Secretaria de Estado de Sa\u00fade, representou a secret\u00e1ria de Estado de sa\u00fade, Cl\u00e1udia Maria Braga de Melo.<\/p>\n\n\n\n<p>\u201cTemos tentado romper o grande desafio da inclus\u00e3o com um mundo mais justo e igualit\u00e1rio para as pessoas com defici\u00eancia. As autoridades est\u00e3o tentando diminuir as barreiras da defici\u00eancia para que as pessoas consigam viver com mais qualidade. Os gon\u00e7alenses s\u00e3o privilegiados por terem governos que se preocupam com a defici\u00eancia\u201d, opinou Fabr\u00edcio.\u00a0<\/p>\n\n\n\n<p>Primeira a receber o aparelho das m\u00e3os da secret\u00e1ria de Sa\u00fade no teatro, Vanessa estava muito emocionada e feliz por ter sido beneficiada. \u201c\u00c9 muito importante, estou muito emocionada porque o problema aconteceu quando eu tinha sete anos e eu sofri muito. J\u00e1 passei por muito bullying, principalmente na adolesc\u00eancia. Foi uma \u00e9poca muito dif\u00edcil. E hoje, receber esse aparelho, representa uma vit\u00f3ria. O meu maior medo era n\u00e3o poder mais ouvir os meus filhos porque, a cada dia que passa, eu venho perdendo mais a audi\u00e7\u00e3o. Estou muito feliz agora. Nunca usei o aparelho porque nunca tive condi\u00e7\u00f5es de comprar. Isso \u00e9 uma vit\u00f3ria para todos n\u00f3s\u201d, finalizou Vanessa.&nbsp;<\/p>\n\n\n\n<p><strong>Servi\u00e7o<\/strong>&nbsp;\u2013 Os gon\u00e7alenses que precisam da pr\u00f3tese auditiva devem procurar qualquer unidade de sa\u00fade (PAMs, polos, postos de sa\u00fade e cl\u00ednicas) da cidade para marcar uma consulta com o m\u00e9dico generalista. Caso tenha necessidade, ele far\u00e1 o encaminhamento para o profissional especializado, que emitir\u00e1 laudo com a defici\u00eancia do paciente e suas necessidades de reabilita\u00e7\u00e3o.<\/p>\n\n\n\n<p>Com o laudo em m\u00e3os, o paciente deve dar entrada nas unidades de sa\u00fade (PAMs, polos, postos de sa\u00fade, cl\u00ednicas e hospitais) com os seguintes documentos: laudo m\u00e9dico, identidade, CPF, cart\u00e3o do Sistema \u00danico de Sa\u00fade (SUS), audiometria e comprovante de resid\u00eancia.<\/p>\n\n\n\n<p>Assim, ele ser\u00e1 inserido na regula\u00e7\u00e3o da Coordenadoria de Reabilita\u00e7\u00e3o. Ap\u00f3s a regula\u00e7\u00e3o, o paciente ser\u00e1 encaminhado para uma das unidades de sa\u00fade que possa realizar o tratamento em unidade de S\u00e3o Gon\u00e7alo ou conveniada, como a Associa\u00e7\u00e3o Brasileira de Assist\u00eancia ao Excepcional (Abrae).<\/p>\n\n\n\n<p>A Coordenadoria de Reabilita\u00e7\u00e3o fica no G2 do S\u00e3o Gon\u00e7alo Shopping (Avenida S\u00e3o Gon\u00e7alo, 100, Boa Vista).<\/p>\n\n\n\n<p><em>Fotos: Renan Otto<\/em><\/p>\n\n\n\n<p><strong><em><sup>S\u00e3o Gon\u00e7alo Vai Mudar. O Maior Portal da Cidade.<\/sup><\/em><\/strong><\/p>\n\n\n\n<figure class=\"wp-block-image size-full\"><img decoding=\"async\" width=\"251\" height=\"88\" src=\"https:\/\/sgvaimudar.com.br\/wp-content\/uploads\/2023\/08\/Logo.png\" alt=\"\" class=\"wp-image-2738\" \/><\/figure>\n","protected":false},"excerpt":{"rendered":"<p>Mais de 1.400 moradores ser\u00e3o beneficiados ainda este ano A bab\u00e1 Vanessa Mota de Andrade, 39, com defici\u00eancia auditiva, recebeu&hellip;<\/p>\n","protected":false},"author":5,"featured_media":15180,"comment_status":"open","ping_status":"open","sticky":false,"template":"","format":"standard","meta":{"fifu_image_url":"","fifu_image_alt":"","footnotes":""},"categories":[3],"tags":[],"class_list":["post-15178","post","type-post","status-publish","format-standard","has-post-thumbnail","hentry","category-sao-goncalo"],"_links":{"self":[{"href":"https:\/\/sgvaimudar.com.br\/index.php\/wp-json\/wp\/v2\/posts\/15178","targetHints":{"allow":["GET"]}}],"collection":[{"href":"https:\/\/sgvaimudar.com.br\/index.php\/wp-json\/wp\/v2\/posts"}],"about":[{"href":"https:\/\/sgvaimudar.com.br\/index.php\/wp-json\/wp\/v2\/types\/post"}],"author":[{"embeddable":true,"href":"https:\/\/sgvaimudar.com.br\/index.php\/wp-json\/wp\/v2\/users\/5"}],"replies":[{"embeddable":true,"href":"https:\/\/sgvaimudar.com.br\/index.php\/wp-json\/wp\/v2\/comments?post=15178"}],"version-history":[{"count":2,"href":"https:\/\/sgvaimudar.com.br\/index.php\/wp-json\/wp\/v2\/posts\/15178\/revisions"}],"predecessor-version":[{"id":15184,"href":"https:\/\/sgvaimudar.com.br\/index.php\/wp-json\/wp\/v2\/posts\/15178\/revisions\/15184"}],"wp:featuredmedia":[{"embeddable":true,"href":"https:\/\/sgvaimudar.com.br\/index.php\/wp-json\/wp\/v2\/media\/15180"}],"wp:attachment":[{"href":"https:\/\/sgvaimudar.com.br\/index.php\/wp-json\/wp\/v2\/media?parent=15178"}],"wp:term":[{"taxonomy":"category","embeddable":true,"href":"https:\/\/sgvaimudar.com.br\/index.php\/wp-json\/wp\/v2\/categories?post=15178"},{"taxonomy":"post_tag","embeddable":true,"href":"https:\/\/sgvaimudar.com.br\/index.php\/wp-json\/wp\/v2\/tags?post=15178"}],"curies":[{"name":"wp","href":"https:\/\/api.w.org\/{rel}","templated":true}]}}