{"id":15142,"date":"2024-11-12T21:00:00","date_gmt":"2024-11-13T00:00:00","guid":{"rendered":"https:\/\/sgvaimudar.com.br\/?p=15142"},"modified":"2024-11-12T11:32:49","modified_gmt":"2024-11-12T14:32:49","slug":"governo-do-rj-inicia-fase-final-do-maior-programa-de-restauracao-florestal-da-mata-atlantica","status":"publish","type":"post","link":"https:\/\/sgvaimudar.com.br\/index.php\/2024\/11\/12\/governo-do-rj-inicia-fase-final-do-maior-programa-de-restauracao-florestal-da-mata-atlantica\/","title":{"rendered":"Governo do RJ inicia fase final do maior programa de restaura\u00e7\u00e3o florestal da Mata Atl\u00e2ntica"},"content":{"rendered":"\n<p><em>Nova etapa do &#8220;Florestas do Amanh\u00e3&#8221; come\u00e7ou com o plantio de mudas de Pau-Brasil em Cachoeiras de Macacu<\/em><\/p>\n\n\n\n<p>A fase final do maior programa de reflorestamento do Estado do Rio, que vai promover o plantio de mais de 330 mil mudas de esp\u00e9cies nativas da Mata Atl\u00e2ntica, come\u00e7ou \u00e0s v\u00e9speras do encontro dos chefes de Estado das na\u00e7\u00f5es do G20, que re\u00fane as principais economias do mundo para debater temas ambientais e sociais. A nova fase do programa foi iniciada pelo secret\u00e1rio do Ambiente e Sustentabilidade, Bernardo Rossi, que plantou uma muda de Pau-Brasil em uma \u00e1rea de preserva\u00e7\u00e3o em Cachoeiras de Macacu, na Regi\u00e3o Metropolitana.<\/p>\n\n\n\n<figure class=\"wp-block-image size-large\"><img fetchpriority=\"high\" decoding=\"async\" width=\"1024\" height=\"683\" src=\"https:\/\/sgvaimudar.com.br\/wp-content\/uploads\/2024\/11\/FVF_1218-1024x683.jpg\" alt=\"\" class=\"wp-image-15143\" srcset=\"https:\/\/sgvaimudar.com.br\/wp-content\/uploads\/2024\/11\/FVF_1218-1024x683.jpg 1024w, https:\/\/sgvaimudar.com.br\/wp-content\/uploads\/2024\/11\/FVF_1218-300x200.jpg 300w, https:\/\/sgvaimudar.com.br\/wp-content\/uploads\/2024\/11\/FVF_1218-768x512.jpg 768w, https:\/\/sgvaimudar.com.br\/wp-content\/uploads\/2024\/11\/FVF_1218-1536x1024.jpg 1536w, https:\/\/sgvaimudar.com.br\/wp-content\/uploads\/2024\/11\/FVF_1218-2048x1365.jpg 2048w\" sizes=\"(max-width: 1024px) 100vw, 1024px\" \/><\/figure>\n\n\n\n<p>\u2013 Estamos avan\u00e7ando significativamente na recupera\u00e7\u00e3o das nossas florestas e do nosso ambiente. Reduzimos o desmatamento, estamos pautando nossas a\u00e7\u00f5es de acordo com os Objetivos de Desenvolvimento Sustent\u00e1vel (ODS) da ONU. Investimos em tecnologia, nos nossos t\u00e9cnicos e nos projetos que levam o Estado para o lugar de vanguarda e de pioneirismo de onde nunca deveria ter sa\u00eddo &#8211; avalia o governador Cl\u00e1udio Castro.<\/p>\n\n\n\n<p>O plantio faz parte do Floresta do Amanh\u00e3, um dos maiores programas de reflorestamento da mata nativa e que tem a miss\u00e3o de chegar a 40% da sua \u00e1rea original. Para 2025, est\u00e1 programado um financiamento de R$ 13,8 milh\u00f5es, em parceria com o BNDES, para o plantio de mil hectares, \u00e1rea cinco vezes maior do que a que recebeu mudas este ano.<\/p>\n\n\n\n<p>\u2013 O Rio de Janeiro j\u00e1 \u00e9, este ano, o estado que mais preservou a Mata Atl\u00e2ntica e o nosso plano \u00e9 ainda mais ambicioso. Vamos ultrapassar os 32% de \u00e1rea original e mostrar que podemos fazer o RJ crescer economicamente com o verde. Sem contar que todo esse trabalho reflete na garantia dos recursos h\u00eddricos das cidades. Manter a mata e preservar as nascentes ainda pode melhorar o volume de \u00e1gua para todas as resid\u00eancias do Rio &#8211; &nbsp;assegura o secret\u00e1rio Bernardo Rossi.<\/p>\n\n\n\n<p>As 330 mil mudas de esp\u00e9cies ser\u00e3o plantadas em 200 hectares, o equivalente a 200 campos de futebol, em Cachoeiras de Macacu e Guapimirim, tamb\u00e9m na Regi\u00e3o Metropolitana. As mudas s\u00e3o de esp\u00e9cies de jequitib\u00e1 rosa, cedro, peroba, birib\u00e1, cambuc\u00e1, palmeira-jussara e pitangueira, al\u00e9m de outras dezenas de \u00e1rvores nativas da Mata Atl\u00e2ntica.<\/p>\n\n\n\n<p>As mudas foram semeadas em viveiros e cultivadas em s\u00edtios parceiros da Secretaria do Ambiente at\u00e9 chegarem no est\u00e1gio de plantio. Desde o come\u00e7o de novembro, t\u00e9cnicos contratados e capacitados pela secretaria est\u00e3o abrindo os ber\u00e7os nas mata para receberem as mudas durante o per\u00edodo das chuvas.<\/p>\n\n\n\n<p><strong>Florestas do Amanh\u00e3<\/strong><\/p>\n\n\n\n<p>O Floresta do Amanh\u00e3 tamb\u00e9m contou com a restaura\u00e7\u00e3o agroflorestal de 15 hectares de sistemas em propriedades rurais e implanta\u00e7\u00e3o dos viveiros. O programa realizou ainda \u00a0capacita\u00e7\u00f5es para a coleta de sementes, produ\u00e7\u00e3o de mudas e capacita\u00e7\u00e3o de jovens, mulheres e agricultores. A nova etapa do programa vai beneficiar as regi\u00f5es que comp\u00f5em as bacias hidrogr\u00e1ficas do Guandu, da Ba\u00eda de Guanabara, dos Lagos, de S\u00e3o Jo\u00e3o da Barra, Maca\u00e9 e de Rio das Ostras.<\/p>\n\n\n\n<p><strong><sup>S\u00e3o Gon\u00e7alo Vai Mudar. O Maior Portal da Cidade.<\/sup><\/strong><\/p>\n\n\n\n<figure class=\"wp-block-image size-full\"><img decoding=\"async\" width=\"251\" height=\"88\" src=\"https:\/\/sgvaimudar.com.br\/wp-content\/uploads\/2023\/08\/Logo.png\" alt=\"\" class=\"wp-image-2738\" \/><\/figure>\n","protected":false},"excerpt":{"rendered":"<p>Nova etapa do &#8220;Florestas do Amanh\u00e3&#8221; come\u00e7ou com o plantio de mudas de Pau-Brasil em Cachoeiras de Macacu A fase&hellip;<\/p>\n","protected":false},"author":5,"featured_media":15144,"comment_status":"open","ping_status":"open","sticky":false,"template":"","format":"standard","meta":{"fifu_image_url":"","fifu_image_alt":"","footnotes":""},"categories":[4],"tags":[],"class_list":["post-15142","post","type-post","status-publish","format-standard","has-post-thumbnail","hentry","category-brasil"],"_links":{"self":[{"href":"https:\/\/sgvaimudar.com.br\/index.php\/wp-json\/wp\/v2\/posts\/15142","targetHints":{"allow":["GET"]}}],"collection":[{"href":"https:\/\/sgvaimudar.com.br\/index.php\/wp-json\/wp\/v2\/posts"}],"about":[{"href":"https:\/\/sgvaimudar.com.br\/index.php\/wp-json\/wp\/v2\/types\/post"}],"author":[{"embeddable":true,"href":"https:\/\/sgvaimudar.com.br\/index.php\/wp-json\/wp\/v2\/users\/5"}],"replies":[{"embeddable":true,"href":"https:\/\/sgvaimudar.com.br\/index.php\/wp-json\/wp\/v2\/comments?post=15142"}],"version-history":[{"count":1,"href":"https:\/\/sgvaimudar.com.br\/index.php\/wp-json\/wp\/v2\/posts\/15142\/revisions"}],"predecessor-version":[{"id":15145,"href":"https:\/\/sgvaimudar.com.br\/index.php\/wp-json\/wp\/v2\/posts\/15142\/revisions\/15145"}],"wp:featuredmedia":[{"embeddable":true,"href":"https:\/\/sgvaimudar.com.br\/index.php\/wp-json\/wp\/v2\/media\/15144"}],"wp:attachment":[{"href":"https:\/\/sgvaimudar.com.br\/index.php\/wp-json\/wp\/v2\/media?parent=15142"}],"wp:term":[{"taxonomy":"category","embeddable":true,"href":"https:\/\/sgvaimudar.com.br\/index.php\/wp-json\/wp\/v2\/categories?post=15142"},{"taxonomy":"post_tag","embeddable":true,"href":"https:\/\/sgvaimudar.com.br\/index.php\/wp-json\/wp\/v2\/tags?post=15142"}],"curies":[{"name":"wp","href":"https:\/\/api.w.org\/{rel}","templated":true}]}}