{"id":15135,"date":"2024-11-12T19:00:00","date_gmt":"2024-11-12T22:00:00","guid":{"rendered":"https:\/\/sgvaimudar.com.br\/?p=15135"},"modified":"2024-11-12T11:20:46","modified_gmt":"2024-11-12T14:20:46","slug":"sao-goncalo-promove-discussoes-sobre-economia-criativa","status":"publish","type":"post","link":"https:\/\/sgvaimudar.com.br\/index.php\/2024\/11\/12\/sao-goncalo-promove-discussoes-sobre-economia-criativa\/","title":{"rendered":"S\u00e3o Gon\u00e7alo promove discuss\u00f5es sobre economia criativa"},"content":{"rendered":"\n<p><em>II Semin\u00e1rio Territorialidades Inventivas da Economia da Cultura acontece no Lavour\u00e3o<\/em><\/p>\n\n\n\n<p>O II Semin\u00e1rio Territorialidades da Cultura, com o tema \u201cDesafios \u00e0 Economia Criativa da Cultura\u201d, ser\u00e1 realizado na pr\u00f3xima quarta-feira (13), das 10h \u00e0s 17h, no Centro Cultural Joaquim Lavoura, em S\u00e3o Gon\u00e7alo. O evento tem como objetivo promover uma reflex\u00e3o sobre o papel das pr\u00e1ticas culturais e art\u00edsticas no fortalecimento econ\u00f4mico e social da metr\u00f3pole fluminense.&nbsp;<\/p>\n\n\n\n<p>O semin\u00e1rio \u00e9 parte do projeto \u201cTerritorialidades Inventivas da Economia da Cultura&#8221;, uma iniciativa da Faperj &#8211; Funda\u00e7\u00e3o de Amparo \u00e0 Pesquisa do Rio de Janeiro &#8211; com apoio da Secretaria de Turismo e Cultura da Prefeitura de S\u00e3o Gon\u00e7alo, que visa identificar e promover as manifesta\u00e7\u00f5es culturais locais, destacando a import\u00e2ncia da cultura como um motor econ\u00f4mico.<\/p>\n\n\n\n<p>Durante o evento, ser\u00e3o realizadas duas mesas de debates com a participa\u00e7\u00e3o de gestores p\u00fablicos, especialistas e representantes da economia criativa local, que discutir\u00e3o os principais desafios e oportunidades para o setor na regi\u00e3o, com media\u00e7\u00e3o de Jorge Luiz Barbosa.<\/p>\n\n\n\n<p><strong>Mesa 1<\/strong>&nbsp;\u2013 A gest\u00e3o municipal face aos desafios da economia criativa da cultura &#8211; (10h \u00e0s 12h)<\/p>\n\n\n\n<p>Este debate trar\u00e1 gestores p\u00fablicos que discutir\u00e3o como as administra\u00e7\u00f5es municipais podem enfrentar os desafios impostos \u00e0 economia criativa.<\/p>\n\n\n\n<p>Participam:<\/p>\n\n\n\n<p>Julia Sobreira \u2013 Secret\u00e1ria Municipal de Turismo e Cultura de S\u00e3o Gon\u00e7alo<\/p>\n\n\n\n<p>Andr\u00e9 Moreira \u2013 Coordenador de Turismo de S\u00e3o Gon\u00e7alo<\/p>\n\n\n\n<p>J\u00falia Pacheco \u2013 Secretaria das Culturas de Niter\u00f3i<\/p>\n\n\n\n<p>Marcelo Velloso &#8211; Consultor da Unesco e professor em Gest\u00e3o de Pol\u00edticas Culturais e Economia Criativa<\/p>\n\n\n\n<p><strong>Mesa 2<\/strong>&nbsp;\u2013 Territ\u00f3rios Criativos da Economia da Cultura &#8211; (14h \u00e0s 16h30)<\/p>\n\n\n\n<p>A segunda mesa abordar\u00e1 como os territ\u00f3rios criativos t\u00eam impulsionado a economia local e fortalecido as identidades culturais.<\/p>\n\n\n\n<p>Participam:<\/p>\n\n\n\n<p>K\u00e1tia Fajardo \u2013 Professora de dan\u00e7a e diretora do Grand\u2019K Studio Artes<\/p>\n\n\n\n<p>Ley Nascimento \u2013 Produtor cultural e membro da Na\u00e7\u00e3o dos 5%, registrado no Templo do Hip Hop<\/p>\n\n\n\n<p>Vin\u00edcius Soares \u2013 Fundador da turma &#8220;Os Crias de S\u00e3o Gon\u00e7alo&#8221;, que resgata a tradi\u00e7\u00e3o dos antigos carnavais de rua<\/p>\n\n\n\n<p>Rodrigo Romero S\u00e3o Paio \u2013 Diretor Executivo do Espa\u00e7o Cultural Panorama e Presidente do Instituto S\u00e3o Paio<\/p>\n\n\n\n<p>O semin\u00e1rio oferece uma oportunidade \u00fanica para artistas, gestores culturais, profissionais da \u00e1rea e interessados em debater a economia criativa. O evento propicia a troca de experi\u00eancias e o fortalecimento de la\u00e7os entre os diversos agentes da cultura local. A iniciativa deseja tamb\u00e9m promover a visibilidade das manifesta\u00e7\u00f5es art\u00edsticas da regi\u00e3o, consolidando a cultura como um importante eixo para o desenvolvimento regional.&nbsp;<\/p>\n\n\n\n<p><strong>Servi\u00e7o:<\/strong><\/p>\n\n\n\n<p>Data: 13 de novembro de 2024<\/p>\n\n\n\n<p>Hor\u00e1rio: 10h \u00e0s 17h<\/p>\n\n\n\n<p>Local: Centro Cultural Joaquim Lavoura \u2013 Av. Pres. Kennedy, 721, Estrela do Norte, S\u00e3o<\/p>\n\n\n\n<p>Gon\u00e7alo &#8211; RJ<\/p>\n\n\n\n<p>Entrada: Gratuita<\/p>\n\n\n\n<p><em>Foto: Fabio Guimar\u00e3es<\/em><\/p>\n\n\n\n<p><strong><em><sup>S\u00e3o Gon\u00e7alo Vai Mudar. O Maior Portal da Cidade.<\/sup><\/em><\/strong><\/p>\n\n\n\n<figure class=\"wp-block-image size-full\"><img decoding=\"async\" width=\"251\" height=\"88\" src=\"https:\/\/sgvaimudar.com.br\/wp-content\/uploads\/2023\/08\/Logo.png\" alt=\"\" class=\"wp-image-2738\" \/><\/figure>\n","protected":false},"excerpt":{"rendered":"<p>II Semin\u00e1rio Territorialidades Inventivas da Economia da Cultura acontece no Lavour\u00e3o O II Semin\u00e1rio Territorialidades da Cultura, com o tema&hellip;<\/p>\n","protected":false},"author":5,"featured_media":15136,"comment_status":"open","ping_status":"open","sticky":false,"template":"","format":"standard","meta":{"fifu_image_url":"","fifu_image_alt":"","footnotes":""},"categories":[3],"tags":[],"class_list":["post-15135","post","type-post","status-publish","format-standard","has-post-thumbnail","hentry","category-sao-goncalo"],"_links":{"self":[{"href":"https:\/\/sgvaimudar.com.br\/index.php\/wp-json\/wp\/v2\/posts\/15135","targetHints":{"allow":["GET"]}}],"collection":[{"href":"https:\/\/sgvaimudar.com.br\/index.php\/wp-json\/wp\/v2\/posts"}],"about":[{"href":"https:\/\/sgvaimudar.com.br\/index.php\/wp-json\/wp\/v2\/types\/post"}],"author":[{"embeddable":true,"href":"https:\/\/sgvaimudar.com.br\/index.php\/wp-json\/wp\/v2\/users\/5"}],"replies":[{"embeddable":true,"href":"https:\/\/sgvaimudar.com.br\/index.php\/wp-json\/wp\/v2\/comments?post=15135"}],"version-history":[{"count":1,"href":"https:\/\/sgvaimudar.com.br\/index.php\/wp-json\/wp\/v2\/posts\/15135\/revisions"}],"predecessor-version":[{"id":15137,"href":"https:\/\/sgvaimudar.com.br\/index.php\/wp-json\/wp\/v2\/posts\/15135\/revisions\/15137"}],"wp:featuredmedia":[{"embeddable":true,"href":"https:\/\/sgvaimudar.com.br\/index.php\/wp-json\/wp\/v2\/media\/15136"}],"wp:attachment":[{"href":"https:\/\/sgvaimudar.com.br\/index.php\/wp-json\/wp\/v2\/media?parent=15135"}],"wp:term":[{"taxonomy":"category","embeddable":true,"href":"https:\/\/sgvaimudar.com.br\/index.php\/wp-json\/wp\/v2\/categories?post=15135"},{"taxonomy":"post_tag","embeddable":true,"href":"https:\/\/sgvaimudar.com.br\/index.php\/wp-json\/wp\/v2\/tags?post=15135"}],"curies":[{"name":"wp","href":"https:\/\/api.w.org\/{rel}","templated":true}]}}